{"id":69437,"date":"2024-06-15T10:00:00","date_gmt":"2024-06-15T16:00:00","guid":{"rendered":"https:\/\/zonaroja.com.mx\/?p=69437"},"modified":"2024-06-15T07:12:22","modified_gmt":"2024-06-15T13:12:22","slug":"presentan-denuncia-por-inaccion-de-gobierno-en-asesinato-de-periodista-en-oaxaca","status":"publish","type":"post","link":"https:\/\/zonaroja.com.mx\/?p=69437","title":{"rendered":"Presentan denuncia por inacci\u00f3n de gobierno en asesinato de periodista en Oaxaca"},"content":{"rendered":"\n<p>Redacci\u00f3n\/Zona Roja Cdmx.<\/p>\n\n\n\n<p>Ciudad de M\u00e9xico, a 15 de junio de 2024.- Propuesta C\u00edvica, en colaboraci\u00f3n y con la participaci\u00f3n de la familia del periodista oaxaque\u00f1o Gustavo S\u00e1nchez Cabrera, present\u00f3 una denuncia por hechos posiblemente constitutivos de delito, derivados de las m\u00faltiples deficiencias detectadas y documentadas por la Comisi\u00f3n Nacional de Derechos Humanos en la Recomendaci\u00f3n 121\/2022, realizadas por ex servidores p\u00fablicos integrantes del Mecanismo de Protecci\u00f3n para Personas Defensoras de Derechos Humanos y Periodistas y de quien resulte responsable.<\/p>\n\n\n\n<p>En el marco del tercer aniversario de Gustavo S\u00e1nchez Cabrera, periodista asesinado el 17 de junio de 2021 en El Morro de Mazat\u00e1n, Oaxaca, Propuesta C\u00edvica decidi\u00f3 emprender acciones legales en contra de al menos nueve personas funcionarias p\u00fablicas que incurrieron en omisiones graves que tuvieron repercusiones en la vulnerabilidad de Gustavo frente a sus agresores.<\/p>\n\n\n\n<p>\u201cConsideramos la acci\u00f3n legal necesaria ante las lamentables consecuencias de los hechos \u2014la p\u00e9rdida de la vida de Gustavo y, por tanto, de su periodismo en la regi\u00f3n del Istmo\u2014. Cabe mencionar que el an\u00e1lisis que sustenta la demanda se encuentra en los hallazgos de la Recomendaci\u00f3n 121\/2022 de la CNDH\u201d, difundi\u00f3 en un comunicado.<\/p>\n\n\n\n<p>Detall\u00f3 que a la fecha de la presentaci\u00f3n de la acci\u00f3n legal no han tenido conocimiento de sanciones legales por las omisiones de las y los servidores p\u00fablicos del orden federal y estatal.&nbsp;<\/p>\n\n\n\n<p>Los procesos administrativos iniciados contra las y los servidores p\u00fablicos que incumplieron en sus deberes de protecci\u00f3n se encuentran estancados en las \u00e1reas de Control interno de la Secretar\u00eda de Gobierno federal y de Oaxaca, ello a tres a\u00f1os de haber sucedido los hechos.&nbsp;<\/p>\n\n\n\n<p>\u201cLa Visitadur\u00eda General de la Fiscal\u00eda General de Justicia de Oaxaca es la \u00fanica autoridad que ha avanzado en las investigaciones internas y que est\u00e1 pr\u00f3xima a emitir una determinaci\u00f3n.<\/p>\n\n\n\n<p>\u201cEsto implica que, a tres a\u00f1os del asesinato de Gustavo, las personas que fueron omisas en cumplir con sus obligaciones de garantes de derechos, as\u00ed como los perpetradores directos del homicidio, se encuentran sin una sanci\u00f3n legal por los hechos.&nbsp;<\/p>\n\n\n\n<p>\u201cDestacamos en este punto que, a la fecha, existen al menos nueve casos documentados de periodistas asesinados que estaban incorporados al Mecanismo de Protecci\u00f3n, sin que ninguna autoridad de los tres \u00f3rdenes de gobierno hayan sido sancionados por tales hechos\u201d, detall\u00f3.<\/p>\n\n\n\n<p>Por tales circunstancias, se decidi\u00f3 presentar formal denuncia ante FEADLE para la investigaci\u00f3n de los hechos documentados por la Recomendaci\u00f3n 121\/2022.&nbsp;<\/p>\n\n\n\n<p>\u201cLas instituciones del Estado mexicano deben de considerar el impacto y mensaje de impunidad que env\u00edan a las v\u00edctimas y a la sociedad mexicana ante la falta de rendici\u00f3n de cuentas por su actuar deficiente, el cual puede traer graves consecuencias como la privaci\u00f3n de la vida de un periodista\u201d, expuso.<\/p>\n\n\n\n<figure class=\"wp-block-image size-full\"><img decoding=\"async\" width=\"800\" height=\"534\" src=\"https:\/\/zonaroja.com.mx\/wp-content\/uploads\/2024\/06\/Periodista-Gustavo-Sanchez-1.jpeg\" alt=\"\" class=\"wp-image-69438\" srcset=\"https:\/\/zonaroja.com.mx\/wp-content\/uploads\/2024\/06\/Periodista-Gustavo-Sanchez-1.jpeg 800w, https:\/\/zonaroja.com.mx\/wp-content\/uploads\/2024\/06\/Periodista-Gustavo-Sanchez-1-300x200.jpeg 300w, https:\/\/zonaroja.com.mx\/wp-content\/uploads\/2024\/06\/Periodista-Gustavo-Sanchez-1-768x513.jpeg 768w, https:\/\/zonaroja.com.mx\/wp-content\/uploads\/2024\/06\/Periodista-Gustavo-Sanchez-1-585x390.jpeg 585w, https:\/\/zonaroja.com.mx\/wp-content\/uploads\/2024\/06\/Periodista-Gustavo-Sanchez-1-263x175.jpeg 263w\" sizes=\"(max-width: 800px) 100vw, 800px\" \/><\/figure>\n","protected":false},"excerpt":{"rendered":"<p>Redacci\u00f3n\/Zona Roja Cdmx. Ciudad de M\u00e9xico, a 15 de junio de 2024.- Propuesta C\u00edvica, en&hellip;<\/p>\n","protected":false},"author":2,"featured_media":69439,"comment_status":"closed","ping_status":"open","sticky":false,"template":"","format":"standard","meta":{"_lmt_disableupdate":"","_lmt_disable":"","_jetpack_memberships_contains_paid_content":false,"footnotes":""},"categories":[109,46],"tags":[2749],"class_list":["post-69437","post","type-post","status-publish","format-standard","has-post-thumbnail","hentry","category-minuto-a-minuto","category-zona-blanca","tag-gustavo-sanchez-cabrera-periodista"],"jetpack_featured_media_url":"https:\/\/zonaroja.com.mx\/wp-content\/uploads\/2024\/06\/Denuncia-periodista-Gustavo-Sanchez.jpeg","jetpack_sharing_enabled":true,"_links":{"self":[{"href":"https:\/\/zonaroja.com.mx\/index.php?rest_route=\/wp\/v2\/posts\/69437","targetHints":{"allow":["GET"]}}],"collection":[{"href":"https:\/\/zonaroja.com.mx\/index.php?rest_route=\/wp\/v2\/posts"}],"about":[{"href":"https:\/\/zonaroja.com.mx\/index.php?rest_route=\/wp\/v2\/types\/post"}],"author":[{"embeddable":true,"href":"https:\/\/zonaroja.com.mx\/index.php?rest_route=\/wp\/v2\/users\/2"}],"replies":[{"embeddable":true,"href":"https:\/\/zonaroja.com.mx\/index.php?rest_route=%2Fwp%2Fv2%2Fcomments&post=69437"}],"version-history":[{"count":1,"href":"https:\/\/zonaroja.com.mx\/index.php?rest_route=\/wp\/v2\/posts\/69437\/revisions"}],"predecessor-version":[{"id":69440,"href":"https:\/\/zonaroja.com.mx\/index.php?rest_route=\/wp\/v2\/posts\/69437\/revisions\/69440"}],"wp:featuredmedia":[{"embeddable":true,"href":"https:\/\/zonaroja.com.mx\/index.php?rest_route=\/wp\/v2\/media\/69439"}],"wp:attachment":[{"href":"https:\/\/zonaroja.com.mx\/index.php?rest_route=%2Fwp%2Fv2%2Fmedia&parent=69437"}],"wp:term":[{"taxonomy":"category","embeddable":true,"href":"https:\/\/zonaroja.com.mx\/index.php?rest_route=%2Fwp%2Fv2%2Fcategories&post=69437"},{"taxonomy":"post_tag","embeddable":true,"href":"https:\/\/zonaroja.com.mx\/index.php?rest_route=%2Fwp%2Fv2%2Ftags&post=69437"}],"curies":[{"name":"wp","href":"https:\/\/api.w.org\/{rel}","templated":true}]}}