{"id":69444,"date":"2024-06-15T12:00:00","date_gmt":"2024-06-15T18:00:00","guid":{"rendered":"https:\/\/zonaroja.com.mx\/?p=69444"},"modified":"2024-06-15T07:35:07","modified_gmt":"2024-06-15T13:35:07","slug":"lopez-obrador-ya-puede-otorgar-amnistia-a-quien-quiera-publican-ley","status":"publish","type":"post","link":"https:\/\/zonaroja.com.mx\/?p=69444","title":{"rendered":"L\u00f3pez Obrador ya puede otorgar amnist\u00eda a quien quiera; publican ley"},"content":{"rendered":"\n<p>Redacci\u00f3n\/Zona Roja Cdmx.<\/p>\n\n\n\n<p>Ciudad de M\u00e9xico, a 15 de junio de 2024.- La Secretar\u00eda de Gobernaci\u00f3n public\u00f3 este 14 de junio de 2024 en el Diario Oficial de la Federaci\u00f3n&nbsp;el decreto de reformas a la Ley de Amparo en materia de suspensi\u00f3n y a la Ley de Amnist\u00eda que faculta&nbsp;al Presidente de la Rep\u00fablica la facultad de otorgarla de manera directa.<\/p>\n\n\n\n<p>Con la publicaci\u00f3n en el DOF se reforman los art\u00edculos 129 y 148 de la Ley de Amparo, reglamentaria de los art\u00edculos 103 y 107 de la Constituci\u00f3n en materia de suspensi\u00f3n del acto reclamado e inconstitucionalidad de normas generales.<\/p>\n\n\n\n<p>Con la reforma a la Ley de Amparo, los jueces jurisdiccionales no tendr\u00e1n la facultad para la suspensi\u00f3n de leyes generales realizadas o reclamadas en juicios de amparo, ni suspender obras p\u00fablicas.<\/p>\n\n\n\n<p>\u201cTrat\u00e1ndose de juicios de amparo que resuelvan la inconstitucionalidad de normas generales, en ning\u00fan caso las suspensiones que se dicten fijar\u00e1n efectos generales\u201d, indica la modificaci\u00f3n al articulo 148.<\/p>\n\n\n\n<p>Asimismo, la reforma a la Ley de Amnist\u00eda, aprobada en abril pasado en el Congreso, se\u00f1ala lo siguiente en el art\u00edculo 9:<\/p>\n\n\n\n<p>\u00abPor determinaci\u00f3n exclusiva de la persona titular del Poder Ejecutivo Federal se podr\u00e1 otorgar el beneficio de la amnist\u00eda de manera directa, sin sujetarse al procedimiento establecido en este ordenamiento, en casos espec\u00edficos que re\u00fanan las siguientes condiciones:<\/p>\n\n\n\n<p>I. Que la amnist\u00eda se otorgue a personas que aporten elementos comprobables que resulten \u00fatiles para conocer la verdad de los hechos en casos que sean relevantes para el Estado Mexicano, y<\/p>\n\n\n\n<p>II.&nbsp; Que en contra de la persona o personas a las que se conceda la amnist\u00eda, se haya ejercido la acci\u00f3n penal, est\u00e9n siendo procesados o se encuentren sentenciados por cualquier delito.<\/p>\n","protected":false},"excerpt":{"rendered":"<p>Redacci\u00f3n\/Zona Roja Cdmx. Ciudad de M\u00e9xico, a 15 de junio de 2024.- La Secretar\u00eda de&hellip;<\/p>\n","protected":false},"author":2,"featured_media":69445,"comment_status":"closed","ping_status":"open","sticky":false,"template":"","format":"standard","meta":{"_lmt_disableupdate":"","_lmt_disable":"","_jetpack_memberships_contains_paid_content":false,"footnotes":""},"categories":[109,47],"tags":[3974],"class_list":["post-69444","post","type-post","status-publish","format-standard","has-post-thumbnail","hentry","category-minuto-a-minuto","category-zona-gris","tag-diario-oficial-de-la-federacion"],"jetpack_featured_media_url":"https:\/\/zonaroja.com.mx\/wp-content\/uploads\/2024\/06\/Diario-Oficial-de-la-Federacion.jpeg","jetpack_sharing_enabled":true,"_links":{"self":[{"href":"https:\/\/zonaroja.com.mx\/index.php?rest_route=\/wp\/v2\/posts\/69444","targetHints":{"allow":["GET"]}}],"collection":[{"href":"https:\/\/zonaroja.com.mx\/index.php?rest_route=\/wp\/v2\/posts"}],"about":[{"href":"https:\/\/zonaroja.com.mx\/index.php?rest_route=\/wp\/v2\/types\/post"}],"author":[{"embeddable":true,"href":"https:\/\/zonaroja.com.mx\/index.php?rest_route=\/wp\/v2\/users\/2"}],"replies":[{"embeddable":true,"href":"https:\/\/zonaroja.com.mx\/index.php?rest_route=%2Fwp%2Fv2%2Fcomments&post=69444"}],"version-history":[{"count":1,"href":"https:\/\/zonaroja.com.mx\/index.php?rest_route=\/wp\/v2\/posts\/69444\/revisions"}],"predecessor-version":[{"id":69446,"href":"https:\/\/zonaroja.com.mx\/index.php?rest_route=\/wp\/v2\/posts\/69444\/revisions\/69446"}],"wp:featuredmedia":[{"embeddable":true,"href":"https:\/\/zonaroja.com.mx\/index.php?rest_route=\/wp\/v2\/media\/69445"}],"wp:attachment":[{"href":"https:\/\/zonaroja.com.mx\/index.php?rest_route=%2Fwp%2Fv2%2Fmedia&parent=69444"}],"wp:term":[{"taxonomy":"category","embeddable":true,"href":"https:\/\/zonaroja.com.mx\/index.php?rest_route=%2Fwp%2Fv2%2Fcategories&post=69444"},{"taxonomy":"post_tag","embeddable":true,"href":"https:\/\/zonaroja.com.mx\/index.php?rest_route=%2Fwp%2Fv2%2Ftags&post=69444"}],"curies":[{"name":"wp","href":"https:\/\/api.w.org\/{rel}","templated":true}]}}