{"id":69450,"date":"2024-06-15T14:38:00","date_gmt":"2024-06-15T20:38:00","guid":{"rendered":"https:\/\/zonaroja.com.mx\/?p=69450"},"modified":"2024-06-15T07:47:29","modified_gmt":"2024-06-15T13:47:29","slug":"quejas-contra-la-magistrada-sofia-altamirano-llegan-al-congreso-local","status":"publish","type":"post","link":"https:\/\/zonaroja.com.mx\/?p=69450","title":{"rendered":"Quejas contra la magistrada Sof\u00eda Altamirano llegan al Congreso local"},"content":{"rendered":"\n<p>Raymundo Morales\/Zona Roja.<\/p>\n\n\n\n<p>Oaxaca de Ju\u00e1rez, Oax., a 15 de junio de 2024.- Tras una protesta en el complejo gubernamental de Ciudad Judicial, trabajadores sindicalizados llevaron al Congreso del Estado su denuncia en contra de la magistrada del Poder Judicial, Sof\u00eda Altamirano Rueda.<\/p>\n\n\n\n<p>La responsable de la Tercera Sala Penal Colegiada, del Tribunal Superior de Justicia de Oaxaca, ha sido denunciada por presunta discriminaci\u00f3n contra el personal e incluso a inicios de la semana pegaron cartulinas para se\u00f1alar dicha actitud.<\/p>\n\n\n\n<p>La tarde del jueves, un grupo de integrantes del Sindicato de Trabajadores de los Poderes del Estado e Instituciones Descentralizadas de Car\u00e1cter Estatal de Oaxaca (STPEIDCEO), se reunieron con el presidente de la Junta de Coordinaci\u00f3n Pol\u00edtica (Jucopo) de la 65 Legislatura local, Sergio L\u00f3pez S\u00e1nchez, para denunciar las diversas irregularidades.&nbsp;<\/p>\n\n\n\n<p>En el encuentro, el personal sindicalizado acus\u00f3 a la magistrada Altamirano Rueda de prepotencia, discriminaci\u00f3n, malos tratos y de usar palabras altisonantes hacia las y los trabajadores de la Sala Tercera Penal del Tribunal Superior de Justicia de Oaxaca, por lo que pide su destituci\u00f3n.&nbsp;<\/p>\n\n\n\n<p>Por su parte, el presidente de la Jucopo escuch\u00f3 a las y los trabajadores, y les manifest\u00f3 que atender\u00e1n el caso desde el Poder Legislativo, de acuerdo con la competencia del Congreso local, y con el debido respeto en la divisi\u00f3n de poderes.&nbsp;<\/p>\n\n\n\n<p>De igual manera, reiter\u00f3 el compromiso de la 65 Legislatura local de continuar legislando por el respeto a los derechos de todas las personas en Oaxaca.<\/p>\n","protected":false},"excerpt":{"rendered":"<p>Raymundo Morales\/Zona Roja. Oaxaca de Ju\u00e1rez, Oax., a 15 de junio de 2024.- Tras una&hellip;<\/p>\n","protected":false},"author":2,"featured_media":69451,"comment_status":"closed","ping_status":"open","sticky":false,"template":"","format":"standard","meta":{"_lmt_disableupdate":"","_lmt_disable":"","_jetpack_memberships_contains_paid_content":false,"footnotes":""},"categories":[109,46],"tags":[2743],"class_list":["post-69450","post","type-post","status-publish","format-standard","has-post-thumbnail","hentry","category-minuto-a-minuto","category-zona-blanca","tag-65-legislatura-del-estado-de-oaxaca"],"jetpack_featured_media_url":"https:\/\/zonaroja.com.mx\/wp-content\/uploads\/2024\/06\/Quejas-magistrada-Sofia-Altamirano.jpg","jetpack_sharing_enabled":true,"_links":{"self":[{"href":"https:\/\/zonaroja.com.mx\/index.php?rest_route=\/wp\/v2\/posts\/69450","targetHints":{"allow":["GET"]}}],"collection":[{"href":"https:\/\/zonaroja.com.mx\/index.php?rest_route=\/wp\/v2\/posts"}],"about":[{"href":"https:\/\/zonaroja.com.mx\/index.php?rest_route=\/wp\/v2\/types\/post"}],"author":[{"embeddable":true,"href":"https:\/\/zonaroja.com.mx\/index.php?rest_route=\/wp\/v2\/users\/2"}],"replies":[{"embeddable":true,"href":"https:\/\/zonaroja.com.mx\/index.php?rest_route=%2Fwp%2Fv2%2Fcomments&post=69450"}],"version-history":[{"count":1,"href":"https:\/\/zonaroja.com.mx\/index.php?rest_route=\/wp\/v2\/posts\/69450\/revisions"}],"predecessor-version":[{"id":69452,"href":"https:\/\/zonaroja.com.mx\/index.php?rest_route=\/wp\/v2\/posts\/69450\/revisions\/69452"}],"wp:featuredmedia":[{"embeddable":true,"href":"https:\/\/zonaroja.com.mx\/index.php?rest_route=\/wp\/v2\/media\/69451"}],"wp:attachment":[{"href":"https:\/\/zonaroja.com.mx\/index.php?rest_route=%2Fwp%2Fv2%2Fmedia&parent=69450"}],"wp:term":[{"taxonomy":"category","embeddable":true,"href":"https:\/\/zonaroja.com.mx\/index.php?rest_route=%2Fwp%2Fv2%2Fcategories&post=69450"},{"taxonomy":"post_tag","embeddable":true,"href":"https:\/\/zonaroja.com.mx\/index.php?rest_route=%2Fwp%2Fv2%2Ftags&post=69450"}],"curies":[{"name":"wp","href":"https:\/\/api.w.org\/{rel}","templated":true}]}}