{"id":69453,"date":"2024-06-15T13:47:00","date_gmt":"2024-06-15T19:47:00","guid":{"rendered":"https:\/\/zonaroja.com.mx\/?p=69453"},"modified":"2024-06-15T07:50:09","modified_gmt":"2024-06-15T13:50:09","slug":"suman-37-mil-266-personas-muertas-en-gaza-por-la-guerra-con-israel","status":"publish","type":"post","link":"https:\/\/zonaroja.com.mx\/?p=69453","title":{"rendered":"Suman 37 mil 266 personas muertas en Gaza por la guerra con Israel"},"content":{"rendered":"\n<p>Redacci\u00f3n\/Zona Roja Cdmx.<\/p>\n\n\n\n<p>Ciudad de M\u00e9xico, a 15 de junio de 2024.- Con las v\u00edctimas de los bombardeos israel\u00edes de las \u00faltimas horas, el balance de muertos, desde el inicio de la guerra en Gaza, se elev\u00f3 a 37 mil 266 personas, inform\u00f3 ayer el Ministerio de Salud de la franja, y la econom\u00eda palestina registra p\u00e9rdidas por 20 millones de d\u00f3lares al d\u00eda.<\/p>\n\n\n\n<p>En las 24 horas previas al reporte, fallecieron 34 personas, seg\u00fan un comunicado, que tambi\u00e9n inform\u00f3 de 85 mil 102 heridos en m\u00e1s de seis meses de conflicto.<\/p>\n\n\n\n<p>En tanto, \u201cla econom\u00eda palestina est\u00e1 sufriendo un impacto integral sin precedente a consecuencia de la agresi\u00f3n israel\u00ed, que ha paralizado todas sus fuerzas motrices. Seg\u00fan las previsiones, se encoger\u00e1 10 por ciento al cierre de este a\u00f1o. Perdemos cada d\u00eda alrededor de 20 millones de d\u00f3lares por el cese total de la producci\u00f3n en la franja y, parcialmente, en Cisjordania\u201d, declar\u00f3 el titular de esta cartera, Mohammad Alamour.<\/p>\n\n\n\n<p>Tambi\u00e9n afecta a la econom\u00eda el hecho de que Israel \u201cse apropia de los impuestos recaudados\u201d en territorios palestinos, seg\u00fan el ministro, as\u00ed como \u201cla p\u00e9rdida de medio mill\u00f3n de empleos\u201d desde octubre pasado. \u201cLa tasa de paro subi\u00f3 a 32 por ciento en Cisjordania y a 75 por ciento en Gaza\u201d, detall\u00f3 Alamour.<\/p>\n\n\n\n<p>Por su parte, Philippe Lazzarini, titular de la Agencia de Naciones Unidas para los Refugiados de Palestina en Medio Oriente (Unrwa, por sus siglas en ingl\u00e9s), afirm\u00f3:<\/p>\n\n\n\n<p>\u201cSin una tregua, la infancia de Gaza se convertir\u00e1 en una generaci\u00f3n perdida y f\u00e1cilmente susceptible de caer presa de la explotaci\u00f3n; los ni\u00f1os palestinos han pasado por lo que ning\u00fan menor en ning\u00fan lugar del mundo deber\u00eda ver o sufrir. Demasiados han muerto, muchos han resultado heridos y una elevada cifra quedar\u00e1 con secuelas de por vida. Los que han sobrevivido se encuentran con un profundo trauma\u201d, manifest\u00f3.<\/p>\n\n\n\n<p>Las escuelas gazat\u00edes \u201chan sido destruidas\u201d, record\u00f3, por lo que \u201chan perdido un a\u00f1o escolar entero, sin educaci\u00f3n ni juego\u201d, y agreg\u00f3 que \u201cla guerra ha robado a los ni\u00f1os de Gaza su infancia\u201d.<\/p>\n\n\n\n<p>Lazzarini declar\u00f3 esto, en referencia a un informe del Representante Especial del Secretario General para la Infancia y los Conflictos Armados, en el que se incluy\u00f3 al ej\u00e9rcito israel\u00ed en la lista de entidades que violan los derechos de la infancia en regiones en situaci\u00f3n de conflicto, al considerar que sus fuerzas de seguridad son \u201cresponsables de la matanza y mutilaci\u00f3n de menores de 18 a\u00f1os\u201d en Israel y en los territorios palestinos ocupados. Por lo que ha instado a las autoridades de Israel a firmar \u201cinmediatamente\u201d un plan de acci\u00f3n con Naciones Unidas para evitar que estos abusos prosigan.<\/p>\n\n\n\n<p>(Informaci\u00f3n de \u201cLa Jornada\u201d)<\/p>\n","protected":false},"excerpt":{"rendered":"<p>Redacci\u00f3n\/Zona Roja Cdmx. Ciudad de M\u00e9xico, a 15 de junio de 2024.- Con las v\u00edctimas&hellip;<\/p>\n","protected":false},"author":2,"featured_media":64417,"comment_status":"closed","ping_status":"open","sticky":false,"template":"","format":"standard","meta":{"_lmt_disableupdate":"","_lmt_disable":"","_jetpack_memberships_contains_paid_content":false,"footnotes":""},"categories":[109,46],"tags":[2668],"class_list":["post-69453","post","type-post","status-publish","format-standard","has-post-thumbnail","hentry","category-minuto-a-minuto","category-zona-blanca","tag-conflicto-gaza-israel"],"jetpack_featured_media_url":"https:\/\/zonaroja.com.mx\/wp-content\/uploads\/2024\/01\/Destruccion-en-Gaza.jpg","jetpack_sharing_enabled":true,"_links":{"self":[{"href":"https:\/\/zonaroja.com.mx\/index.php?rest_route=\/wp\/v2\/posts\/69453","targetHints":{"allow":["GET"]}}],"collection":[{"href":"https:\/\/zonaroja.com.mx\/index.php?rest_route=\/wp\/v2\/posts"}],"about":[{"href":"https:\/\/zonaroja.com.mx\/index.php?rest_route=\/wp\/v2\/types\/post"}],"author":[{"embeddable":true,"href":"https:\/\/zonaroja.com.mx\/index.php?rest_route=\/wp\/v2\/users\/2"}],"replies":[{"embeddable":true,"href":"https:\/\/zonaroja.com.mx\/index.php?rest_route=%2Fwp%2Fv2%2Fcomments&post=69453"}],"version-history":[{"count":1,"href":"https:\/\/zonaroja.com.mx\/index.php?rest_route=\/wp\/v2\/posts\/69453\/revisions"}],"predecessor-version":[{"id":69454,"href":"https:\/\/zonaroja.com.mx\/index.php?rest_route=\/wp\/v2\/posts\/69453\/revisions\/69454"}],"wp:featuredmedia":[{"embeddable":true,"href":"https:\/\/zonaroja.com.mx\/index.php?rest_route=\/wp\/v2\/media\/64417"}],"wp:attachment":[{"href":"https:\/\/zonaroja.com.mx\/index.php?rest_route=%2Fwp%2Fv2%2Fmedia&parent=69453"}],"wp:term":[{"taxonomy":"category","embeddable":true,"href":"https:\/\/zonaroja.com.mx\/index.php?rest_route=%2Fwp%2Fv2%2Fcategories&post=69453"},{"taxonomy":"post_tag","embeddable":true,"href":"https:\/\/zonaroja.com.mx\/index.php?rest_route=%2Fwp%2Fv2%2Ftags&post=69453"}],"curies":[{"name":"wp","href":"https:\/\/api.w.org\/{rel}","templated":true}]}}