{"id":69455,"date":"2024-06-16T11:53:00","date_gmt":"2024-06-16T17:53:00","guid":{"rendered":"https:\/\/zonaroja.com.mx\/?p=69455"},"modified":"2024-06-16T06:50:47","modified_gmt":"2024-06-16T12:50:47","slug":"vladimir-putin-quiere-frenar-la-guerra-con-ucrania-pero-pide-imposibles","status":"publish","type":"post","link":"https:\/\/zonaroja.com.mx\/?p=69455","title":{"rendered":"Vladimir Putin quiere frenar la guerra con Ucrania\u2026 pero pide imposibles"},"content":{"rendered":"\n<p>Redacci\u00f3n\/Zona Roja Cdmx.<\/p>\n\n\n\n<p>Ciudad de M\u00e9xico, a 16 de junio de 2024.- El presidente ruso Vlad\u00edmir Putin prometi\u00f3 ordenar un alto el fuego de \u201cinmediato\u201d en Ucrania e iniciar negociaciones si Kiev empieza a retirarse de las cuatro regiones anexionadas por el Kremlin en 2022 y renuncia a sus planes de ingresar en la OTAN.\u00a0<\/p>\n\n\n\n<p>De inmediato Ucrania respondi\u00f3 calificando la propuesta de Putin de \u201cmanipuladora\u201d y \u201cabsurda\u201d y Washington asegur\u00f3&nbsp;que no hay nadie que pueda considerarla aceptable.<\/p>\n\n\n\n<p>Las declaraciones de Putin coincidieron con los preparativos de Suiza para acoger este fin de semana a decenas de l\u00edderes mundiales \u2014aunque sin la asistencia de los rusos\u2014 para tratar de dar los primeros pasos hacia la paz en Ucrania.<\/p>\n\n\n\n<p>Tambi\u00e9n coincidieron con una reuni\u00f3n de los l\u00edderes del G7 en Italia y despu\u00e9s de que EU&nbsp;y Ucrania firmaran esta semana un acuerdo de seguridad de 10 a\u00f1os.<\/p>\n\n\n\n<p>Putin denunci\u00f3 la conferencia de Suiza como \u201cuna estratagema para desviar la atenci\u00f3n, revertir la causa y el efecto de la crisis ucraniana (y) encaminar el debate por la v\u00eda equivocada\u201d.<\/p>\n\n\n\n<p>En contraparte, la secretaria de Relaciones Exteriores mexicana, Alicia B\u00e1rcena, anunci\u00f3 su viaje a Suiza para participar en la Cumbre para la Paz.<\/p>\n\n\n\n<p>\u201cParticiparemos 100 delegaciones. Es imperativo sostener un di\u00e1logo respetuoso con todas las partes para la construcci\u00f3n de paz y la seguridad nuclear\u201d, anunci\u00f3 en su cuenta de X.<\/p>\n\n\n\n<p>Plante\u00f3 sus exigencias en un discurso en el ministerio de Relaciones Exteriores ruso,&nbsp;apunt\u00f3 a lo que llam\u00f3 una \u201cresoluci\u00f3n final\u201d del conflicto y subray\u00f3 que el Kremlin est\u00e1 \u201cdispuesto a iniciar negociaciones sin demora\u201d.<\/p>\n\n\n\n<p>Entre las demandas de paz que enumer\u00f3 Putin figuran el reconocimiento por Ucrania de Crimea como parte de Rusia, el hecho de que el pa\u00eds mantenga su estatus no nuclear, la restricci\u00f3n de su fuerza militar y la protecci\u00f3n de los intereses de la poblaci\u00f3n rusoparlante.&nbsp;<\/p>\n\n\n\n<p>Todo ello deber\u00e1 formar parte de \u201cacuerdos internacionales fundamentales\u201d&nbsp;y deber\u00e1n levantarse todas las sanciones occidentales contra Rusia, dijo Putin.<\/p>\n\n\n\n<p>Pero la canciller\u00eda ucraniana&nbsp;calific\u00f3 el plan de Putin de \u201cmanipulador\u201d, \u201cabsurdo\u201d y dise\u00f1ado para \u201cenga\u00f1ar a la comunidad internacional, socavar los esfuerzos diplom\u00e1ticos dirigidos a lograr una paz justa y dividir la unidad de la mayor\u00eda mundial en torno a los objetivos y principios de la Carta de la ONU\u201d.<\/p>\n\n\n\n<p>(Informaci\u00f3n de las agencias EFE y AP en \u201cEl Financiero\u201d)<\/p>\n","protected":false},"excerpt":{"rendered":"<p>Redacci\u00f3n\/Zona Roja Cdmx. Ciudad de M\u00e9xico, a 16 de junio de 2024.- El presidente ruso&hellip;<\/p>\n","protected":false},"author":2,"featured_media":66607,"comment_status":"closed","ping_status":"open","sticky":false,"template":"","format":"standard","meta":{"_lmt_disableupdate":"","_lmt_disable":"","_jetpack_memberships_contains_paid_content":false,"footnotes":""},"categories":[109,47],"tags":[3025],"class_list":["post-69455","post","type-post","status-publish","format-standard","has-post-thumbnail","hentry","category-minuto-a-minuto","category-zona-gris","tag-conflicto-ucrania-rusia"],"jetpack_featured_media_url":"https:\/\/zonaroja.com.mx\/wp-content\/uploads\/2024\/03\/Bladimir-Putin-Rusia.jpg.webp","jetpack_sharing_enabled":true,"_links":{"self":[{"href":"https:\/\/zonaroja.com.mx\/index.php?rest_route=\/wp\/v2\/posts\/69455","targetHints":{"allow":["GET"]}}],"collection":[{"href":"https:\/\/zonaroja.com.mx\/index.php?rest_route=\/wp\/v2\/posts"}],"about":[{"href":"https:\/\/zonaroja.com.mx\/index.php?rest_route=\/wp\/v2\/types\/post"}],"author":[{"embeddable":true,"href":"https:\/\/zonaroja.com.mx\/index.php?rest_route=\/wp\/v2\/users\/2"}],"replies":[{"embeddable":true,"href":"https:\/\/zonaroja.com.mx\/index.php?rest_route=%2Fwp%2Fv2%2Fcomments&post=69455"}],"version-history":[{"count":2,"href":"https:\/\/zonaroja.com.mx\/index.php?rest_route=\/wp\/v2\/posts\/69455\/revisions"}],"predecessor-version":[{"id":69462,"href":"https:\/\/zonaroja.com.mx\/index.php?rest_route=\/wp\/v2\/posts\/69455\/revisions\/69462"}],"wp:featuredmedia":[{"embeddable":true,"href":"https:\/\/zonaroja.com.mx\/index.php?rest_route=\/wp\/v2\/media\/66607"}],"wp:attachment":[{"href":"https:\/\/zonaroja.com.mx\/index.php?rest_route=%2Fwp%2Fv2%2Fmedia&parent=69455"}],"wp:term":[{"taxonomy":"category","embeddable":true,"href":"https:\/\/zonaroja.com.mx\/index.php?rest_route=%2Fwp%2Fv2%2Fcategories&post=69455"},{"taxonomy":"post_tag","embeddable":true,"href":"https:\/\/zonaroja.com.mx\/index.php?rest_route=%2Fwp%2Fv2%2Ftags&post=69455"}],"curies":[{"name":"wp","href":"https:\/\/api.w.org\/{rel}","templated":true}]}}