{"id":69458,"date":"2024-06-15T21:36:25","date_gmt":"2024-06-16T03:36:25","guid":{"rendered":"https:\/\/zonaroja.com.mx\/?p=69458"},"modified":"2024-06-15T21:36:27","modified_gmt":"2024-06-16T03:36:27","slug":"registra-oaxaca-dos-probables-feminicidios-y-tres-homicidios","status":"publish","type":"post","link":"https:\/\/zonaroja.com.mx\/?p=69458","title":{"rendered":"Registra Oaxaca dos probables feminicidios y tres homicidios"},"content":{"rendered":"\n<p>Raymundo Morales\/Zona Roja.<\/p>\n\n\n\n<p>Oaxaca de Ju\u00e1rez, Oax., a 15 de junio de 2024.- En hechos distintos, al menos cinco cr\u00edmenes se registraron este s\u00e1bado en Oaxaca, entre ellos dos probables feminicidios.<\/p>\n\n\n\n<p>A las afueras de la localidad de San Miguel Tetepelcingo, municipio de San Lorenzo, fue localizada sin vida una mujer de nombre Epifan\u00eda \u201cN\u201d, de 78 a\u00f1os de edad y cuyo cuerpo presenta huellas de violencia.<\/p>\n\n\n\n<p>La v\u00edctima fue reportada como desaparecida de su comunidad desde el pasado 7 de junio, por lo cual se efectuaron diversos operativos de b\u00fasqueda; hasta el momento se desconocen las causas de la muerte y Vicefiscal\u00eda Regional de la Costa inici\u00f3 las indagatorias correspondientes.<\/p>\n\n\n\n<p>Por otra parte, en Miahuatl\u00e1n de Porfirio D\u00edaz, municipio de la regi\u00f3n Sierra Sur del estado, fue asesinada a balazos una mujer, de entre 20 a 25 a\u00f1os de edad.<\/p>\n\n\n\n<p>El probable feminicida se perpetr\u00f3 la tarde de hoy un local comercial de nombre \u201cRosy\u201d, ubicado en la carretera que comunica a Miahiatl\u00e1n con la zona de los Amatlanes.<\/p>\n\n\n\n<p>El cuerpo presenta varios impactos de arma de fuego y a\u00fan se desconoce qui\u00e9n o quienes la ultimaron.<\/p>\n\n\n\n<p>EN ZONA TRIQUI<\/p>\n\n\n\n<p>Por otra parte, de acuerdo con un comunicado del Frente Popular Revolucionario (FPR), al menos tres personas fueron asesinadas a balazos en jurisdicci\u00f3n del municipio de Putla Villa de Guerrero, entre ellos uno de sus militantes, Mario Hern\u00e1ndez Matra.<\/p>\n\n\n\n<p>El ataque armado contra una camioneta de pasajeros, que conduc\u00eda la v\u00edctima identificada, ocurri\u00f3 alrededor de las 13:15 horas sobre la carretera federal, a la altura de la comunidad de San Isidro de Morelos.<\/p>\n\n\n\n<p>Mario Hern\u00e1ndez formaba parte del sitio de las urvan \u201cTierra de Humo\u201d del sector transporte del FPR en Tlaxiaco.&nbsp;<\/p>\n\n\n\n<p>\u201cEl escenario de violencia que se vive en Oaxaca es sintom\u00e1tico de la situaci\u00f3n a nivel nacional, en el cual por un lado se habla de los avances con la actual administraci\u00f3n pero se ocultan los altos \u00edndices de inseguridad, falta de empleo y apoyo a las comunidades\u201d, indic\u00f3 en un comunicado.<\/p>\n\n\n\n<p>\u201cPor este y varios hechos, nos alistamos para emprender actividades pol\u00edticas, como respuesta organizada a la situaci\u00f3n actual que por acci\u00f3n u omisi\u00f3n permite el Estado\u201d, indic\u00f3 el FPR.&nbsp;<\/p>\n","protected":false},"excerpt":{"rendered":"<p>Raymundo Morales\/Zona Roja. Oaxaca de Ju\u00e1rez, Oax., a 15 de junio de 2024.- En hechos&hellip;<\/p>\n","protected":false},"author":2,"featured_media":65347,"comment_status":"closed","ping_status":"open","sticky":false,"template":"","format":"standard","meta":{"_lmt_disableupdate":"","_lmt_disable":"","_jetpack_memberships_contains_paid_content":false,"footnotes":""},"categories":[109,51],"tags":[169],"class_list":["post-69458","post","type-post","status-publish","format-standard","has-post-thumbnail","hentry","category-minuto-a-minuto","category-zona-roja","tag-miahuatlan-de-porfirio-diaz"],"jetpack_featured_media_url":"https:\/\/zonaroja.com.mx\/wp-content\/uploads\/2024\/02\/Escena-asesinato-homicidio-crimen.jpeg.webp","jetpack_sharing_enabled":true,"_links":{"self":[{"href":"https:\/\/zonaroja.com.mx\/index.php?rest_route=\/wp\/v2\/posts\/69458","targetHints":{"allow":["GET"]}}],"collection":[{"href":"https:\/\/zonaroja.com.mx\/index.php?rest_route=\/wp\/v2\/posts"}],"about":[{"href":"https:\/\/zonaroja.com.mx\/index.php?rest_route=\/wp\/v2\/types\/post"}],"author":[{"embeddable":true,"href":"https:\/\/zonaroja.com.mx\/index.php?rest_route=\/wp\/v2\/users\/2"}],"replies":[{"embeddable":true,"href":"https:\/\/zonaroja.com.mx\/index.php?rest_route=%2Fwp%2Fv2%2Fcomments&post=69458"}],"version-history":[{"count":1,"href":"https:\/\/zonaroja.com.mx\/index.php?rest_route=\/wp\/v2\/posts\/69458\/revisions"}],"predecessor-version":[{"id":69459,"href":"https:\/\/zonaroja.com.mx\/index.php?rest_route=\/wp\/v2\/posts\/69458\/revisions\/69459"}],"wp:featuredmedia":[{"embeddable":true,"href":"https:\/\/zonaroja.com.mx\/index.php?rest_route=\/wp\/v2\/media\/65347"}],"wp:attachment":[{"href":"https:\/\/zonaroja.com.mx\/index.php?rest_route=%2Fwp%2Fv2%2Fmedia&parent=69458"}],"wp:term":[{"taxonomy":"category","embeddable":true,"href":"https:\/\/zonaroja.com.mx\/index.php?rest_route=%2Fwp%2Fv2%2Fcategories&post=69458"},{"taxonomy":"post_tag","embeddable":true,"href":"https:\/\/zonaroja.com.mx\/index.php?rest_route=%2Fwp%2Fv2%2Ftags&post=69458"}],"curies":[{"name":"wp","href":"https:\/\/api.w.org\/{rel}","templated":true}]}}