{"id":69463,"date":"2024-06-16T06:53:11","date_gmt":"2024-06-16T12:53:11","guid":{"rendered":"https:\/\/zonaroja.com.mx\/?p=69463"},"modified":"2024-06-16T06:53:12","modified_gmt":"2024-06-16T12:53:12","slug":"despues-de-casi-tres-semanas-quedan-controlados-incendios-en-sierra-de-flores-magon","status":"publish","type":"post","link":"https:\/\/zonaroja.com.mx\/?p=69463","title":{"rendered":"Despu\u00e9s de casi tres semanas, quedan controlados incendios en Sierra de Flores Mag\u00f3n"},"content":{"rendered":"\n<p>Redacci\u00f3n\/Zona Roja.&nbsp;<\/p>\n\n\n\n<p>Oaxaca de Ju\u00e1rez, Oax., a 16 de junio de 2024.- La Comisi\u00f3n Estatal Forestal (Coesfo) report\u00f3 que este s\u00e1bado fue controlado en su totalidad el \u00faltimo incendio activo en el complejo de incendios forestales registrado en la Sierra de Flores Mag\u00f3n.<\/p>\n\n\n\n<p>Record\u00f3 que dicho complejo se conformaba por 12 incendios forestales activos en la regi\u00f3n, afectando a su paso municipios como San Jos\u00e9 Tenango, Huautla de Jim\u00e9nez, Santa Mar\u00eda Chilchotla, San Andr\u00e9s Teotil\u00e1lpam, Santa Mar\u00eda La Asunci\u00f3n, Santa Cruz Acatepec, Huautepec, San Pedro Teutila y Santa Mar\u00eda Tlalixtac.<\/p>\n\n\n\n<p>Cabe destacar que cada uno de estos incendios fue atendido por la Coesfo a trav\u00e9s de las brigadas San Juan Bautista Cuicatl\u00e1n, Corral de Piedra, San Isidro Huayapam, San Juan Lajarcia, Tlalixtac de Cabrera y El Vidrio llegando a atender de dos a tres incendios cada una e ingresando al siguiente incendio posterior a controlar el anterior.<\/p>\n\n\n\n<p>El organismo record\u00f3 que para atender las conflagraciones se aplic\u00f3 una fuerza de tarea en combate terrestre de brigadas de la Comisi\u00f3n Nacional Forestal (Conafor), Comisi\u00f3n Estatal Forestal (Coesfo), Secretar\u00eda de la Defensa Nacional (Sedena) y Guardia Nacional (GN), quienes combatieron directa e indirectamente el fuego a trav\u00e9s de brechas cortafuego, contrafuego, adem\u00e1s de labores de liquidaci\u00f3n.<\/p>\n\n\n\n<p>Asimismo, para el incendio en San Jos\u00e9 Tenango se sumaron a las labores a\u00e9reas con el apoyo de una aeronave de la Secretar\u00eda de la Defensa Nacional con la que se realizaron descargas a\u00e9reas de agua con la finalidad de apoyar con las labores de enfriamiento de los frentes activos del incendio, sobrevuelos de reconocimiento.<\/p>\n\n\n\n<p>D\u00e1ndole seguimiento al Protocolo de Atenci\u00f3n a Incendios Forestales despu\u00e9s de realizar recorridos terrestres y un sobrevuelo de evaluaci\u00f3n por el lugar del incendio, la zona afectada ha sido entregada a autoridades locales de San Jos\u00e9 Tenango, quienes se comprometieron a realizar recorridos de vigilancia evitando as\u00ed una posible reactivaci\u00f3n.<\/p>\n","protected":false},"excerpt":{"rendered":"<p>Redacci\u00f3n\/Zona Roja.&nbsp; Oaxaca de Ju\u00e1rez, Oax., a 16 de junio de 2024.- La Comisi\u00f3n Estatal&hellip;<\/p>\n","protected":false},"author":2,"featured_media":69464,"comment_status":"closed","ping_status":"open","sticky":false,"template":"","format":"standard","meta":{"_lmt_disableupdate":"","_lmt_disable":"","_jetpack_memberships_contains_paid_content":false,"footnotes":""},"categories":[109,46],"tags":[1256],"class_list":["post-69463","post","type-post","status-publish","format-standard","has-post-thumbnail","hentry","category-minuto-a-minuto","category-zona-blanca","tag-incendios-forestales-oaxaca"],"jetpack_featured_media_url":"https:\/\/zonaroja.com.mx\/wp-content\/uploads\/2024\/06\/Incendios-forestales-Coesfo.jpeg","jetpack_sharing_enabled":true,"_links":{"self":[{"href":"https:\/\/zonaroja.com.mx\/index.php?rest_route=\/wp\/v2\/posts\/69463","targetHints":{"allow":["GET"]}}],"collection":[{"href":"https:\/\/zonaroja.com.mx\/index.php?rest_route=\/wp\/v2\/posts"}],"about":[{"href":"https:\/\/zonaroja.com.mx\/index.php?rest_route=\/wp\/v2\/types\/post"}],"author":[{"embeddable":true,"href":"https:\/\/zonaroja.com.mx\/index.php?rest_route=\/wp\/v2\/users\/2"}],"replies":[{"embeddable":true,"href":"https:\/\/zonaroja.com.mx\/index.php?rest_route=%2Fwp%2Fv2%2Fcomments&post=69463"}],"version-history":[{"count":1,"href":"https:\/\/zonaroja.com.mx\/index.php?rest_route=\/wp\/v2\/posts\/69463\/revisions"}],"predecessor-version":[{"id":69465,"href":"https:\/\/zonaroja.com.mx\/index.php?rest_route=\/wp\/v2\/posts\/69463\/revisions\/69465"}],"wp:featuredmedia":[{"embeddable":true,"href":"https:\/\/zonaroja.com.mx\/index.php?rest_route=\/wp\/v2\/media\/69464"}],"wp:attachment":[{"href":"https:\/\/zonaroja.com.mx\/index.php?rest_route=%2Fwp%2Fv2%2Fmedia&parent=69463"}],"wp:term":[{"taxonomy":"category","embeddable":true,"href":"https:\/\/zonaroja.com.mx\/index.php?rest_route=%2Fwp%2Fv2%2Fcategories&post=69463"},{"taxonomy":"post_tag","embeddable":true,"href":"https:\/\/zonaroja.com.mx\/index.php?rest_route=%2Fwp%2Fv2%2Ftags&post=69463"}],"curies":[{"name":"wp","href":"https:\/\/api.w.org\/{rel}","templated":true}]}}