{"id":69466,"date":"2024-06-16T09:00:00","date_gmt":"2024-06-16T15:00:00","guid":{"rendered":"https:\/\/zonaroja.com.mx\/?p=69466"},"modified":"2024-06-16T07:13:08","modified_gmt":"2024-06-16T13:13:08","slug":"balazos-en-fiesta-de-graduacion-en-el-istmo-asesinan-a-individuo","status":"publish","type":"post","link":"https:\/\/zonaroja.com.mx\/?p=69466","title":{"rendered":"Balazos en fiesta de graduaci\u00f3n en el Istmo; asesinan a individuo"},"content":{"rendered":"\n<p>Raymundo Morales\/Zona Roja.<\/p>\n\n\n\n<p>Oaxaca de Ju\u00e1rez, Oax., a 16 de mayo de 2024.- En el marco de una fiesta de graduaci\u00f3n de bachilleres, sujetos armados atacaron y dieron muerte a un individuo, en San Francisco del Mar, municipio de la regi\u00f3n del Istmo.<\/p>\n\n\n\n<p>Fue anoche en que se realizaba el festejo de la comunidad del Instituto de Estudios de Bachillerato de Oaxaca (IEBO), cuando sujetos armados arribaron al sitio y acribillaron a quien identificaron como Dar\u00edo V., quien muri\u00f3 en el lugar de los hechos.<\/p>\n\n\n\n<p>En medio de la terror, estudiantes, padres de familia y docentes corrieron a buscar un refugio, pese a los llamados para pedir calma y no salir del plantel, a fin de evitar ser v\u00edctima de los disparos de arma de fuego.<\/p>\n\n\n\n<p>Los hechos sucedieron cerca del plantel del IEBO, donde posteriormente se encontr\u00f3 el cuerpo sin vida.<\/p>\n\n\n\n<p>EN MIXTEPEC<\/p>\n\n\n\n<p>Por otra parte, tambi\u00e9n alrededor de la media noche de ayer, se registr\u00f3 un ataque armado, en la localidad de Bajos de Chila, perteneciente al municipio coste\u00f1o de San Pedro Mixtepec.<\/p>\n\n\n\n<p>El saldo preliminar es de dos personas fallecidas y una m\u00e1s lesionada, esta \u00faltima trasladada a un hospital; hasta el momento se desconoce la identidad de las v\u00edctimas.<\/p>\n\n\n\n<p>EN SALINA CRUZ<\/p>\n\n\n\n<p>Por otra parte, tambi\u00e9n anoche pero en el municipio de Salina Cruz, un taxista fue atacado a balazos, cuando transitaba con su unidad de motor sobre el camino a la agencia Bah\u00eda La Ventosa.<\/p>\n\n\n\n<p>El ruletero, que conduc\u00eda la unidad de motor del sitio \u201cMarea Brava\u201d, con n\u00famero econ\u00f3mico 0281, logr\u00f3 huir de la zona aunque recibi\u00f3 un balazo en una pierna, logr\u00f3 huir de la zona y ser atendido en otra zona por param\u00e9dicos, quienes lo trasladaron a un hospital.<\/p>\n\n\n\n<p>Hasta el momento se desconoce la identidad de los agresores, as\u00ed como el m\u00f3vil del ataque al taxista.<\/p>\n","protected":false},"excerpt":{"rendered":"<p>Raymundo Morales\/Zona Roja. Oaxaca de Ju\u00e1rez, Oax., a 16 de mayo de 2024.- En el&hellip;<\/p>\n","protected":false},"author":2,"featured_media":69467,"comment_status":"closed","ping_status":"open","sticky":false,"template":"","format":"standard","meta":{"_lmt_disableupdate":"","_lmt_disable":"","_jetpack_memberships_contains_paid_content":false,"footnotes":""},"categories":[109,51],"tags":[168,890],"class_list":["post-69466","post","type-post","status-publish","format-standard","has-post-thumbnail","hentry","category-minuto-a-minuto","category-zona-roja","tag-salina-cruz","tag-san-pedro-mixtepec"],"jetpack_featured_media_url":"https:\/\/zonaroja.com.mx\/wp-content\/uploads\/2024\/06\/Asesinato-escena-crimen.jpeg","jetpack_sharing_enabled":true,"_links":{"self":[{"href":"https:\/\/zonaroja.com.mx\/index.php?rest_route=\/wp\/v2\/posts\/69466","targetHints":{"allow":["GET"]}}],"collection":[{"href":"https:\/\/zonaroja.com.mx\/index.php?rest_route=\/wp\/v2\/posts"}],"about":[{"href":"https:\/\/zonaroja.com.mx\/index.php?rest_route=\/wp\/v2\/types\/post"}],"author":[{"embeddable":true,"href":"https:\/\/zonaroja.com.mx\/index.php?rest_route=\/wp\/v2\/users\/2"}],"replies":[{"embeddable":true,"href":"https:\/\/zonaroja.com.mx\/index.php?rest_route=%2Fwp%2Fv2%2Fcomments&post=69466"}],"version-history":[{"count":1,"href":"https:\/\/zonaroja.com.mx\/index.php?rest_route=\/wp\/v2\/posts\/69466\/revisions"}],"predecessor-version":[{"id":69468,"href":"https:\/\/zonaroja.com.mx\/index.php?rest_route=\/wp\/v2\/posts\/69466\/revisions\/69468"}],"wp:featuredmedia":[{"embeddable":true,"href":"https:\/\/zonaroja.com.mx\/index.php?rest_route=\/wp\/v2\/media\/69467"}],"wp:attachment":[{"href":"https:\/\/zonaroja.com.mx\/index.php?rest_route=%2Fwp%2Fv2%2Fmedia&parent=69466"}],"wp:term":[{"taxonomy":"category","embeddable":true,"href":"https:\/\/zonaroja.com.mx\/index.php?rest_route=%2Fwp%2Fv2%2Fcategories&post=69466"},{"taxonomy":"post_tag","embeddable":true,"href":"https:\/\/zonaroja.com.mx\/index.php?rest_route=%2Fwp%2Fv2%2Ftags&post=69466"}],"curies":[{"name":"wp","href":"https:\/\/api.w.org\/{rel}","templated":true}]}}