{"id":69483,"date":"2024-06-16T19:14:25","date_gmt":"2024-06-17T01:14:25","guid":{"rendered":"https:\/\/zonaroja.com.mx\/?p=69483"},"modified":"2024-06-16T19:14:27","modified_gmt":"2024-06-17T01:14:27","slug":"opinion-la-justicia-no-existe","status":"publish","type":"post","link":"https:\/\/zonaroja.com.mx\/?p=69483","title":{"rendered":"Opini\u00f3n. La justicia no existe"},"content":{"rendered":"\n<p>Diego Enrique Osorno*<\/p>\n\n\n\n<p>Una decidida subprocuradora persigue a un feminicida serial, pese al sabotaje de un tal Tom\u00e1s Zer\u00f3n; otra mujer es juzgada de forma sumaria como asesina de sus hijos, por su precaria condici\u00f3n social; secuestros de ni\u00f1os cometidos por polic\u00edas en los ochenta que replantearon la vida de las infancias de la \u00e9poca; una denuncia de la homofobia cultural acendrada en una mente psicop\u00e1tica usada por Genaro Garc\u00eda Luna para dar m\u00e1s show que seguridad; y el doloroso registro existencial de un joven encarcelado tras asesinar a sus padres.<\/p>\n\n\n\n<p>Durante m\u00e1s de un a\u00f1o y medio, cineastas y periodistas se adentraron con rigor partisano en historias de la realidad social de las \u00faltimas d\u00e9cadas en la metr\u00f3poli de la CdMx. \u00bfLa justicia existe?, es una de las preguntas que merodea los casos relatados en \u201cArchivo Negro\u201d, nueva serie documental de Vix.<\/p>\n\n\n\n<p>Las cinco piezas documentales producidas por N+Docs y Detective son dirigidas por los respetados directores Emiliano Altuna (\u201cEl alcalde\u201d), Paulina del Paso (\u201cLa Guerrera\u201d), Diego Moreno (\u201cExergo\u201d), Liora Splik (\u201cPedro\u201d) y Jos\u00e9 Villalobos (\u201cEl Charro de Toluquilla\u201d), con investigaci\u00f3n de Me\u00f1o Larios (1994), Salma Abo Harp (\u201cEl Show\u201d) y Cristina Soto (\u201cA Plena Luz\u201d), bajo el magistral ensamble creativo de Pedro G. Garc\u00eda y la producci\u00f3n ejecutiva de Marie Jeanne Kushfe, Dayana Rodr\u00edgues y Juan Farr\u00e9.<\/p>\n\n\n\n<p>Este ejercicio de memoria cr\u00edtica audiovisual se realiza a partir del di\u00e1logo de un vasto archivo televisivo con entrevistas a fiscales, activistas, polic\u00edas, v\u00edctimas, peritos, asesinos, periodistas y actrices, dando cuenta as\u00ed de las tr\u00e1gicas inercias del sistema judicial, los fen\u00f3menos delictivos m\u00e1s variopintos y las sombras del subconsciente criminal.<\/p>\n\n\n\n<p>\u201cEl Chacal\u201d, agente que detuvo junto con Italy Ciani, \u201cLa Jefa\u201d, a un feminicida y violador serial, describe en una de las historias los tormentos que reciben los violadores en prisi\u00f3n.<\/p>\n\n\n\n<p>\u2014\u00bfCrees que es parte de la justicia que le hagan eso? \u2014le preguntan.<\/p>\n\n\n\n<p>\u2014Bueno, de la justicia divina tal vez, pero de la justicia como tal, no creo&#8230; Creo que es karma.<\/p>\n\n\n\n<p>Hay una pausa. Ahora Italy responde:<\/p>\n\n\n\n<p>\u2014Para m\u00ed la justicia no existe. Lo que hay es una administraci\u00f3n de la violencia por parte del Estado. Nadie de la noche a la ma\u00f1ana se convierte en un monstruo y empieza a cometer atrocidades. Si queremos revertir esta realidad terrible que aqueja al pa\u00eds tenemos que darnos cuenta de que esta realidad est\u00e1 m\u00e1s cerca de nosotros de lo que podemos imaginar.<\/p>\n\n\n\n<p>*Escritor y periodista.<\/p>\n\n\n\n<p>@DiegoEOsorno<\/p>\n","protected":false},"excerpt":{"rendered":"<p>Diego Enrique Osorno* Una decidida subprocuradora persigue a un feminicida serial, pese al sabotaje de&hellip;<\/p>\n","protected":false},"author":2,"featured_media":67760,"comment_status":"closed","ping_status":"open","sticky":false,"template":"","format":"standard","meta":{"_lmt_disableupdate":"","_lmt_disable":"","_jetpack_memberships_contains_paid_content":false,"footnotes":""},"categories":[456,109],"tags":[3020],"class_list":["post-69483","post","type-post","status-publish","format-standard","has-post-thumbnail","hentry","category-columna","category-minuto-a-minuto","tag-diego-enrique-osorno"],"jetpack_featured_media_url":"https:\/\/zonaroja.com.mx\/wp-content\/uploads\/2024\/04\/Diego-Enrique-Osorno.jpeg","jetpack_sharing_enabled":true,"_links":{"self":[{"href":"https:\/\/zonaroja.com.mx\/index.php?rest_route=\/wp\/v2\/posts\/69483","targetHints":{"allow":["GET"]}}],"collection":[{"href":"https:\/\/zonaroja.com.mx\/index.php?rest_route=\/wp\/v2\/posts"}],"about":[{"href":"https:\/\/zonaroja.com.mx\/index.php?rest_route=\/wp\/v2\/types\/post"}],"author":[{"embeddable":true,"href":"https:\/\/zonaroja.com.mx\/index.php?rest_route=\/wp\/v2\/users\/2"}],"replies":[{"embeddable":true,"href":"https:\/\/zonaroja.com.mx\/index.php?rest_route=%2Fwp%2Fv2%2Fcomments&post=69483"}],"version-history":[{"count":1,"href":"https:\/\/zonaroja.com.mx\/index.php?rest_route=\/wp\/v2\/posts\/69483\/revisions"}],"predecessor-version":[{"id":69484,"href":"https:\/\/zonaroja.com.mx\/index.php?rest_route=\/wp\/v2\/posts\/69483\/revisions\/69484"}],"wp:featuredmedia":[{"embeddable":true,"href":"https:\/\/zonaroja.com.mx\/index.php?rest_route=\/wp\/v2\/media\/67760"}],"wp:attachment":[{"href":"https:\/\/zonaroja.com.mx\/index.php?rest_route=%2Fwp%2Fv2%2Fmedia&parent=69483"}],"wp:term":[{"taxonomy":"category","embeddable":true,"href":"https:\/\/zonaroja.com.mx\/index.php?rest_route=%2Fwp%2Fv2%2Fcategories&post=69483"},{"taxonomy":"post_tag","embeddable":true,"href":"https:\/\/zonaroja.com.mx\/index.php?rest_route=%2Fwp%2Fv2%2Ftags&post=69483"}],"curies":[{"name":"wp","href":"https:\/\/api.w.org\/{rel}","templated":true}]}}