{"id":69485,"date":"2024-06-16T19:46:11","date_gmt":"2024-06-17T01:46:11","guid":{"rendered":"https:\/\/zonaroja.com.mx\/?p=69485"},"modified":"2024-06-16T19:46:14","modified_gmt":"2024-06-17T01:46:14","slug":"detienen-en-oaxaca-capital-a-presunta-banda-de-asaltantes","status":"publish","type":"post","link":"https:\/\/zonaroja.com.mx\/?p=69485","title":{"rendered":"Detienen en Oaxaca capital a presunta banda de asaltantes"},"content":{"rendered":"\n<p>Redacci\u00f3n\/Zona Roja.<\/p>\n\n\n\n<p>Oaxaca de Ju\u00e1rez, Oax., a 16 de junio de 2024.- Elementos de la Polic\u00eda Municipal de Oaxaca de Ju\u00e1rez frustraron un asalto a mano armada en proceso en la Paqueter\u00eda \u201cMatus\u201d, ubicada en la calle Vega n\u00famero 102, esquina con la calle Bustamante, en la colonia centro de la capital.<\/p>\n\n\n\n<p>Alrededor de las 09:35 horas del d\u00eda 15 de junio de 2024, mientras realizaban su servicio de disuasi\u00f3n, prevenci\u00f3n y vigilancia, la corporaci\u00f3n recibi\u00f3 un reporte a trav\u00e9s del Centro de Control, Comando y Comunicaci\u00f3n C4 del estado, donde una persona indicaba que se estaba llevando a cabo un robo en la Paqueter\u00eda \u201cMatus\u201d y que hab\u00eda personas armadas en el lugar.<\/p>\n\n\n\n<p>Los oficiales de la Unidad T\u00e1ctica de Vigilancia A\u00e9rea (Grupo Halc\u00f3n), elementos de la Unidad Motorizada de Acci\u00f3n R\u00e1pida (UMAR), personal de Proximidad Social y personal de la Unidad Bravo (bicicletas el\u00e9ctricas), que se encontraban patrullando en las cercan\u00edas, acudieron de inmediato al lugar del incidente.&nbsp;<\/p>\n\n\n\n<p>Al llegar a la paqueter\u00eda, escucharon gritos de auxilio desde el interior del establecimiento. Los oficiales se acercaron a la puerta de acceso, que se encontraba entreabierta, para tratar de visualizar lo que ocurr\u00eda en el interior.<\/p>\n\n\n\n<p>Dentro del establecimiento, los oficiales observaron a dos individuos, uno de ellos portando un arma de fuego. Ante los gritos de auxilio y la presencia de una persona armada, los oficiales ingresaron al establecimiento, inmediatamente le indicaron al individuo que soltara el arma, a lo que este respondi\u00f3 ocult\u00e1ndola en su cintura del lado derecho.<\/p>\n\n\n\n<p>Los oficiales procedieron a realizar una inspecci\u00f3n en la persona del individuo, identificado como Mart\u00edn R. L., de 39 a\u00f1os de edad, quien manifest\u00f3 ser originario de Oaxaca. Durante la inspecci\u00f3n, se le localiz\u00f3 una pistola de la marca Beretta, color negro, modelo 92 FS-Calibre 9mm. La pistola se encontraba abastecida con un cargador, color negro, con la leyenda PV KAL9 Para-Made in Italy y 12 cartuchos \u00fatiles con la leyenda AGGN 9mm 21.<\/p>\n\n\n\n<p>Simult\u00e1neamente, los oficiales procedieron a la detenci\u00f3n de otro individuo, identificado como C\u00e9sar V. G. A., de 47 a\u00f1os de edad, manifest\u00f3 ser originario de Iztapalapa, Ciudad de M\u00e9xico. &nbsp;<\/p>\n\n\n\n<p>Los oficiales tambi\u00e9n recibieron informaci\u00f3n de que hab\u00eda otra persona armada en la segunda planta del establecimiento, por lo cual subieron y observaron a un individuo que ten\u00eda un bulto en su cintura del lado derecho, al ser asegurado se identific\u00f3 como Pablo C. H. de 27 a\u00f1os de edad, quien manifest\u00f3 ser originario de Iguala, Guerrero.<\/p>\n\n\n\n<p>Al realizar una revisi\u00f3n corporal se le localiz\u00f3 un arma de fuego de metal color negro con la leyenda HS-9 Made in Croatia, con matr\u00edcula AT842956, con cachas negras con la leyenda HS en ambos lados y un cargador met\u00e1lico que en la base tiene la leyenda HS, con 15 cartuchos \u00fatiles color amarillo met\u00e1lico con la leyenda SDN 9mm.<\/p>\n\n\n\n<p>Los tres sujetos fueron se\u00f1alados por los empleados como los mismos que momentos antes arribaron al lugar a bordo de una camioneta marca Honda, tipo HR-V, modelo 2016, color blanco, con placas del estado de Veracruz, quienes ingresaron y los amenazaban de manera constante con privarlos de la vida con las armas de fuego que portaban.&nbsp;<\/p>\n\n\n\n<p>Uno de ellos comenz\u00f3 a atarlos de las manos y exigirles que permanecieran en el piso, mientras que otros se apoderaron de la caja registradora y una peque\u00f1a caja fuerte.&nbsp;<\/p>\n\n\n\n<p>Los empleados fueron despojados de sus tel\u00e9fonos celulares y pertenencias de valor. Durante la intervenci\u00f3n, en el mostrador, los polic\u00edas hallaron una mochila tipo jumbo, donde se encontraba la caja registradora, una caja fuerte peque\u00f1a y 15 tel\u00e9fonos celulares de distinta marcas y modelos, los cuales los empleados reconocieron como de su propiedad.<\/p>\n\n\n\n<p>Los tres individuos fueron detenidos por los delitos de robo y portaci\u00f3n de arma de fuego. Durante todo el proceso, se les inform\u00f3 de sus derechos que les asisten en su calidad de detenidos.<\/p>\n\n\n\n<p>La Unidad de An\u00e1lisis al realizar una investigaci\u00f3n de gabinete encontr\u00f3 que C\u00e9sar V. G. A. cuenta con dos ingresos:<\/p>\n\n\n\n<p>1.- 12\/07\/2013, detenido por extorsi\u00f3n agravada remitido al Reclusorio Preventivo Varonil Oriente en la ciudad de M\u00e9xico.<\/p>\n\n\n\n<p>2.- 20\/05\/2014, detenido por portaci\u00f3n de arma de fuego sin licencia en la Ciudad de M\u00e9xico.<\/p>\n\n\n\n<p>Simult\u00e1neamente la Unidad de Recuperaci\u00f3n de Veh\u00edculos \u201cGrupo Bengala\u201d, realiz\u00f3 la inspecci\u00f3n al veh\u00edculo en el que viajaban los tres detenidos, concluyendo que cuenta con reporte de robo de fecha 19\/07\/2023 \u2013 PGJ del estado de Morelos.&nbsp;<\/p>\n\n\n\n<p>La acci\u00f3n inmediata de la Polic\u00eda Municipal de Oaxaca de Ju\u00e1rez permiti\u00f3 rescatar ilesos a los empleados de la empresa de paqueter\u00eda, frustrando un asalto a mano armada en proceso.<\/p>\n\n\n\n<p>Las personas detenidas, armas de fuego, art\u00edculos asegurados y el veh\u00edculo utilizado por los presuntos fueron remetidos a la Fiscal\u00eda General del Estado de Oaxaca, para los efectos legales correspondientes.<\/p>\n","protected":false},"excerpt":{"rendered":"<p>Redacci\u00f3n\/Zona Roja. Oaxaca de Ju\u00e1rez, Oax., a 16 de junio de 2024.- Elementos de la&hellip;<\/p>\n","protected":false},"author":2,"featured_media":69486,"comment_status":"closed","ping_status":"open","sticky":false,"template":"","format":"standard","meta":{"_lmt_disableupdate":"","_lmt_disable":"","_jetpack_memberships_contains_paid_content":false,"footnotes":""},"categories":[109,46],"tags":[148],"class_list":["post-69485","post","type-post","status-publish","format-standard","has-post-thumbnail","hentry","category-minuto-a-minuto","category-zona-blanca","tag-oaxaca-de-juarez"],"jetpack_featured_media_url":"https:\/\/zonaroja.com.mx\/wp-content\/uploads\/2024\/06\/Detenidos-asaltantes-ciudad-de-Oaxaca.jpg","jetpack_sharing_enabled":true,"_links":{"self":[{"href":"https:\/\/zonaroja.com.mx\/index.php?rest_route=\/wp\/v2\/posts\/69485","targetHints":{"allow":["GET"]}}],"collection":[{"href":"https:\/\/zonaroja.com.mx\/index.php?rest_route=\/wp\/v2\/posts"}],"about":[{"href":"https:\/\/zonaroja.com.mx\/index.php?rest_route=\/wp\/v2\/types\/post"}],"author":[{"embeddable":true,"href":"https:\/\/zonaroja.com.mx\/index.php?rest_route=\/wp\/v2\/users\/2"}],"replies":[{"embeddable":true,"href":"https:\/\/zonaroja.com.mx\/index.php?rest_route=%2Fwp%2Fv2%2Fcomments&post=69485"}],"version-history":[{"count":1,"href":"https:\/\/zonaroja.com.mx\/index.php?rest_route=\/wp\/v2\/posts\/69485\/revisions"}],"predecessor-version":[{"id":69487,"href":"https:\/\/zonaroja.com.mx\/index.php?rest_route=\/wp\/v2\/posts\/69485\/revisions\/69487"}],"wp:featuredmedia":[{"embeddable":true,"href":"https:\/\/zonaroja.com.mx\/index.php?rest_route=\/wp\/v2\/media\/69486"}],"wp:attachment":[{"href":"https:\/\/zonaroja.com.mx\/index.php?rest_route=%2Fwp%2Fv2%2Fmedia&parent=69485"}],"wp:term":[{"taxonomy":"category","embeddable":true,"href":"https:\/\/zonaroja.com.mx\/index.php?rest_route=%2Fwp%2Fv2%2Fcategories&post=69485"},{"taxonomy":"post_tag","embeddable":true,"href":"https:\/\/zonaroja.com.mx\/index.php?rest_route=%2Fwp%2Fv2%2Ftags&post=69485"}],"curies":[{"name":"wp","href":"https:\/\/api.w.org\/{rel}","templated":true}]}}