{"id":69491,"date":"2024-06-17T08:30:00","date_gmt":"2024-06-17T14:30:00","guid":{"rendered":"https:\/\/zonaroja.com.mx\/?p=69491"},"modified":"2024-06-17T08:12:33","modified_gmt":"2024-06-17T14:12:33","slug":"ofrecera-gobierno-de-oaxaca-disculpa-publica-por-asesinato-de-periodista","status":"publish","type":"post","link":"https:\/\/zonaroja.com.mx\/?p=69491","title":{"rendered":"Ofrecer\u00e1 gobierno de Oaxaca disculpa p\u00fablica por asesinato de periodista"},"content":{"rendered":"\n<p>Ismael Garc\u00eda M.\/Zona Roja.<\/p>\n\n\n\n<p>Oaxaca de Ju\u00e1rez, Oax., a 17 de junio de 2024.- El gobierno de Oaxaca ofrecer\u00e1 este lunes una disculpa p\u00fablica por el asesinato del periodista Gustavo S\u00e1nchez Cabrera, perpetrado el 17 de junio del a\u00f1o 2021.<\/p>\n\n\n\n<p>El crimen ocurri\u00f3 en el pen\u00faltimo a\u00f1o del gobierno de Alejandro Murat Hinojosa, ex priista y ahora de Morena, y durante el resto de su sexenio hubo pocos avances en las investigaciones.<\/p>\n\n\n\n<p>Por ello, la Comisi\u00f3n Nacional de los Derechos Humanos (CNDH) emiti\u00f3 la recomendaci\u00f3n 121\/2022\/CNDH, que incluye una disculpa p\u00fablica a la familia del comunicador originario de la regi\u00f3n del Istmo de Tehuantepec.<\/p>\n\n\n\n<p>El acto oficial se efectuar\u00e1 este mediod\u00eda en el Palacio de Gobierno de Oaxaca y ser\u00e1 encabezado por diversas autoridades, entre ellas la Consejer\u00eda Jur\u00eddica y Asistencia Legal y la Coordinaci\u00f3n para la Atenci\u00f3n de Derechos Humanos del Poder Ejecutivo.<\/p>\n\n\n\n<p>Por la tarde, a las 17:00 horas, en la Hemeroteca P\u00fablica de Oaxaca, Centro Hist\u00f3rico de la capital, habr\u00e1 una charla denominada \u201cLa importancia de las disculpas p\u00fablicas en los procesos de justicia para periodistas en M\u00e9xico\u201d.<\/p>\n\n\n\n<p>Entre ellos participar\u00e1n Sara Mendiola Landeros, directora ejecutiva de Propuesta C\u00edvica, y Maril\u00fa S\u00e1nchez, esposa de Gustavo S\u00e1nchez Cabrera.<\/p>\n\n\n\n<p>Asimismo, representantes de organismos como Reporteros Sin Fronteras, Mecanismo de Protecci\u00f3n, Alto Comisionado de la ONU-DH, el fiscal Bernardo Rodr\u00edguez<\/p>\n\n\n\n<p>Previo a ello, la asociaci\u00f3n civil Propuesta C\u00edvica dio a conocer que junto con la familia de Gustavo S\u00e1nchez, present\u00f3 una denuncia penal ante la Fiscal\u00eda General de la Rep\u00fablica, por omisiones en las indagatorias y en la aplicaci\u00f3n del Mecanismo de Protecci\u00f3n.<\/p>\n","protected":false},"excerpt":{"rendered":"<p>Ismael Garc\u00eda M.\/Zona Roja. Oaxaca de Ju\u00e1rez, Oax., a 17 de junio de 2024.- El&hellip;<\/p>\n","protected":false},"author":2,"featured_media":69492,"comment_status":"closed","ping_status":"open","sticky":false,"template":"","format":"standard","meta":{"_lmt_disableupdate":"","_lmt_disable":"","_jetpack_memberships_contains_paid_content":false,"footnotes":""},"categories":[109,46],"tags":[2749],"class_list":["post-69491","post","type-post","status-publish","format-standard","has-post-thumbnail","hentry","category-minuto-a-minuto","category-zona-blanca","tag-gustavo-sanchez-cabrera-periodista"],"jetpack_featured_media_url":"https:\/\/zonaroja.com.mx\/wp-content\/uploads\/2024\/06\/Disculpa-publica-Gustavo-Sanchez.jpg","jetpack_sharing_enabled":true,"_links":{"self":[{"href":"https:\/\/zonaroja.com.mx\/index.php?rest_route=\/wp\/v2\/posts\/69491","targetHints":{"allow":["GET"]}}],"collection":[{"href":"https:\/\/zonaroja.com.mx\/index.php?rest_route=\/wp\/v2\/posts"}],"about":[{"href":"https:\/\/zonaroja.com.mx\/index.php?rest_route=\/wp\/v2\/types\/post"}],"author":[{"embeddable":true,"href":"https:\/\/zonaroja.com.mx\/index.php?rest_route=\/wp\/v2\/users\/2"}],"replies":[{"embeddable":true,"href":"https:\/\/zonaroja.com.mx\/index.php?rest_route=%2Fwp%2Fv2%2Fcomments&post=69491"}],"version-history":[{"count":1,"href":"https:\/\/zonaroja.com.mx\/index.php?rest_route=\/wp\/v2\/posts\/69491\/revisions"}],"predecessor-version":[{"id":69493,"href":"https:\/\/zonaroja.com.mx\/index.php?rest_route=\/wp\/v2\/posts\/69491\/revisions\/69493"}],"wp:featuredmedia":[{"embeddable":true,"href":"https:\/\/zonaroja.com.mx\/index.php?rest_route=\/wp\/v2\/media\/69492"}],"wp:attachment":[{"href":"https:\/\/zonaroja.com.mx\/index.php?rest_route=%2Fwp%2Fv2%2Fmedia&parent=69491"}],"wp:term":[{"taxonomy":"category","embeddable":true,"href":"https:\/\/zonaroja.com.mx\/index.php?rest_route=%2Fwp%2Fv2%2Fcategories&post=69491"},{"taxonomy":"post_tag","embeddable":true,"href":"https:\/\/zonaroja.com.mx\/index.php?rest_route=%2Fwp%2Fv2%2Ftags&post=69491"}],"curies":[{"name":"wp","href":"https:\/\/api.w.org\/{rel}","templated":true}]}}