{"id":69494,"date":"2024-06-17T08:14:56","date_gmt":"2024-06-17T14:14:56","guid":{"rendered":"https:\/\/zonaroja.com.mx\/?p=69494"},"modified":"2024-06-17T08:15:00","modified_gmt":"2024-06-17T14:15:00","slug":"detienen-a-dos-presuntos-asesinos-de-cuatro-mujeres-y-dos-ninos-en-guanajuato","status":"publish","type":"post","link":"https:\/\/zonaroja.com.mx\/?p=69494","title":{"rendered":"Detienen a dos presuntos asesinos de cuatro mujeres y dos ni\u00f1os en Guanajuato"},"content":{"rendered":"\n<p>Redacci\u00f3n\/Zona Roja Cdmx.<\/p>\n\n\n\n<p>Ciudad de M\u00e9xico, a 17 de junio de 2024.- Dos hombres fueron aprehendidos como presuntos autores materiales de los asesinatos de cuatro mujeres, un beb\u00e9 y un ni\u00f1o en la ciudad de Le\u00f3n, inform\u00f3 la Fiscal\u00eda General del Estado (FGE).<\/p>\n\n\n\n<p>\u201cLa Fiscal\u00eda de Guanajuato identific\u00f3 y captur\u00f3 a dos de los autores materiales del homicidio m\u00faltiple en Le\u00f3n el 9 de junio de 2024\u201d, difundi\u00f3 la instituci\u00f3n en su cuenta X. La FGE agreg\u00f3 que la informaci\u00f3n estaba en proceso y que dar\u00e1 detalles \u201cm\u00e1s adelante\u201d.<\/p>\n\n\n\n<p>El domingo 9 de junio se grab\u00f3 en video a elementos de la Guardia Nacional saliendo de una vivienda de la colonia Industrial, en la ciudad de Le\u00f3n.&nbsp;<\/p>\n\n\n\n<p>Minutos despu\u00e9s, cuatro hombres ingresaron al lugar y ejecutaron a Naomi Narayama, Aracely, Nayeli Yareck y Ana Cristina. Tambi\u00e9n dieron muerte a los menores R.A.S.C. y L.Y.R.M.<\/p>\n\n\n\n<p>El gobernador de Guanajuato, Diego Sinhue Rodr\u00edguez Vallejo, solicit\u00f3 que se investigue a los efectivos de la corporaci\u00f3n federal. De igual modo, asegur\u00f3 que la FGE ten\u00eda identificados a los supuestos homicidas.<\/p>\n\n\n\n<p>\u201cLa Fiscal\u00eda ya ha implementado un cerco de b\u00fasqueda para dar con los responsables; ya hay unos sospechosos y espero que pronto caigan ante la justicia\u201d, declar\u00f3 un d\u00eda despu\u00e9s de la matanza.<\/p>\n\n\n\n<p>El viernes 14 de junio, el presidente Andr\u00e9s Manuel L\u00f3pez Obrador inform\u00f3 que se detuvo a cinco integrantes de la Guardia Nacional por el multihomicidio. \u201cSe est\u00e1 trabajando en la investigaci\u00f3n\u201d, manifest\u00f3.<\/p>\n\n\n\n<p>(Informaci\u00f3n de \u201cLa Jornada\u201d)<\/p>\n","protected":false},"excerpt":{"rendered":"<p>Redacci\u00f3n\/Zona Roja Cdmx. Ciudad de M\u00e9xico, a 17 de junio de 2024.- Dos hombres fueron&hellip;<\/p>\n","protected":false},"author":2,"featured_media":69495,"comment_status":"closed","ping_status":"open","sticky":false,"template":"","format":"standard","meta":{"_lmt_disableupdate":"","_lmt_disable":"","_jetpack_memberships_contains_paid_content":false,"footnotes":""},"categories":[109,46],"tags":[735],"class_list":["post-69494","post","type-post","status-publish","format-standard","has-post-thumbnail","hentry","category-minuto-a-minuto","category-zona-blanca","tag-guanajuato"],"jetpack_featured_media_url":"https:\/\/zonaroja.com.mx\/wp-content\/uploads\/2024\/06\/Asesinato-de-familia-en-Leon-Guanajuato.jpeg","jetpack_sharing_enabled":true,"_links":{"self":[{"href":"https:\/\/zonaroja.com.mx\/index.php?rest_route=\/wp\/v2\/posts\/69494","targetHints":{"allow":["GET"]}}],"collection":[{"href":"https:\/\/zonaroja.com.mx\/index.php?rest_route=\/wp\/v2\/posts"}],"about":[{"href":"https:\/\/zonaroja.com.mx\/index.php?rest_route=\/wp\/v2\/types\/post"}],"author":[{"embeddable":true,"href":"https:\/\/zonaroja.com.mx\/index.php?rest_route=\/wp\/v2\/users\/2"}],"replies":[{"embeddable":true,"href":"https:\/\/zonaroja.com.mx\/index.php?rest_route=%2Fwp%2Fv2%2Fcomments&post=69494"}],"version-history":[{"count":1,"href":"https:\/\/zonaroja.com.mx\/index.php?rest_route=\/wp\/v2\/posts\/69494\/revisions"}],"predecessor-version":[{"id":69496,"href":"https:\/\/zonaroja.com.mx\/index.php?rest_route=\/wp\/v2\/posts\/69494\/revisions\/69496"}],"wp:featuredmedia":[{"embeddable":true,"href":"https:\/\/zonaroja.com.mx\/index.php?rest_route=\/wp\/v2\/media\/69495"}],"wp:attachment":[{"href":"https:\/\/zonaroja.com.mx\/index.php?rest_route=%2Fwp%2Fv2%2Fmedia&parent=69494"}],"wp:term":[{"taxonomy":"category","embeddable":true,"href":"https:\/\/zonaroja.com.mx\/index.php?rest_route=%2Fwp%2Fv2%2Fcategories&post=69494"},{"taxonomy":"post_tag","embeddable":true,"href":"https:\/\/zonaroja.com.mx\/index.php?rest_route=%2Fwp%2Fv2%2Ftags&post=69494"}],"curies":[{"name":"wp","href":"https:\/\/api.w.org\/{rel}","templated":true}]}}