{"id":69499,"date":"2024-06-17T11:18:00","date_gmt":"2024-06-17T17:18:00","guid":{"rendered":"https:\/\/zonaroja.com.mx\/?p=69499"},"modified":"2024-06-17T11:46:56","modified_gmt":"2024-06-17T17:46:56","slug":"presume-la-seccion-22-del-snte-sus-logros-y-reitera-que-no-recibio-dinero","status":"publish","type":"post","link":"https:\/\/zonaroja.com.mx\/?p=69499","title":{"rendered":"Presume la Secci\u00f3n 22 del SNTE sus logros y reitera que no recibi\u00f3 dinero"},"content":{"rendered":"\n<p>Raymundo Morales\/Zona Roja.<\/p>\n\n\n\n<p>Oaxaca de Ju\u00e1rez, Oax., a 17 de junio de 2024.- En el intento por precisar que no recibi\u00f3 dinero de manera directa tras la negociaci\u00f3n con los gobiernos federal y estatal de Oaxaca, la Secci\u00f3n 22 del SNTE public\u00f3 sus logros, luego de 25 d\u00edas de paro de labores y \u201cplant\u00f3n\u201d en el Centro Hist\u00f3rico.<\/p>\n\n\n\n<p>\u201cDurante la jornada de lucha se desarrollaron mesas de trabajo y negociaci\u00f3n con los gobiernos federal y estatal, retomando el pliego de demandas de la CNTE y de la Secci\u00f3n XXII. A partir de ello, se logr\u00f3 avanzar en los siguientes puntos\u201d:<\/p>\n\n\n\n<p>\u2022 Despu\u00e9s de varios a\u00f1os sin una movilizaci\u00f3n nacional unitaria de la CNTE, se mantuvo una jornada de lucha durante 29 d\u00edas en la capital del pa\u00eds, con r\u00e9plicas principalmente en los estados de Oaxaca y Chiapas. En la jornada de lucha se visualiz\u00f3 el apoyo y respaldo de diversas organizaciones sociales y sindicatos independientes.<\/p>\n\n\n\n<p>\u2022 El Ejecutivo federal presentar\u00e1 en el mes de septiembre de 2024 la iniciativa para regresar de manera paulatina al r\u00e9gimen de jubilaciones por a\u00f1os de servicios, 28 a\u00f1os para compa\u00f1eras y 30 a\u00f1os para compa\u00f1eros que se encuentran en el D\u00e9cimo transitorio.<\/p>\n\n\n\n<p>\u2022 El Ejecutivo federal tambi\u00e9n presentar\u00e1 una iniciativa de modificaci\u00f3n de la ley del SICAMM para que se considere la participaci\u00f3n de la representaci\u00f3n sindical en los procesos de ingreso, promoci\u00f3n y ascensos (como se realiza en Oaxaca), bajo una convocatoria regionalizada que considere el contexto local y situacional del proceso educativo.<\/p>\n\n\n\n<p>\u2022 La movilizaci\u00f3n oblig\u00f3 al gobierno federal a dar una propuesta de incremento salarial del 10% en promedio, que para este movimiento sigue siendo insuficiente.<\/p>\n\n\n\n<p>\u2022 Se reinstalaron 166 compa\u00f1eros cesados, 8 est\u00e1n en proceso y 2 son improcedentes.<\/p>\n\n\n\n<p>\u2022 Se avanz\u00f3 con la reparaci\u00f3n de da\u00f1os a 40 v\u00edctimas del 19 de junio de 2016 del colectivo Tlaxiaco-Nochixtlan. Sin embargo, nos mantenemos en la firme exigencia de justicia y castigo a los responsables materiales e intelectuales del crimen de lesa humanidad.<\/p>\n\n\n\n<p>\u2022 Se dejan abiertas las mesas de seguimiento de justicia y reparaci\u00f3n del da\u00f1o a las v\u00edctimas del 2006, 2013, 2016 a los compa\u00f1eros del MDTEO y del Movimiento social.<\/p>\n\n\n\n<p>\u2022 Para el presente ciclo escolar, se logra el pago de $ 405.00, por el concepto de uniformes para 345,492 estudiantes de educaci\u00f3n b\u00e1sica, quienes en su momento recib\u00edan los vales escolares. El recurso asumido desde el gobierno del estado se entregar\u00e1 de manera directa a los tutores de los estudiantes, comenzando el 21 de junio con la regi\u00f3n de los Valles Centrales.<\/p>\n\n\n\n<p>\u2022 Se establece que para el 15 de junio, el gobierno federal iniciar\u00e1 la adquisici\u00f3n del equipamiento tecnol\u00f3gico para todos los planteles de educaci\u00f3n b\u00e1sica y media superior de Oaxaca, los cuales ser\u00e1n entregados a las escuelas al inicio del pr\u00f3ximo ciclo escolar.<\/p>\n\n\n\n<p>\u2022 Se logra el incremento del 35% ($14.00) asumido por el gobierno del estado para la dieta de los CENDI&#8217;s, albergues e internados de educaci\u00f3n b\u00e1sica a partir del mes de junio.<\/p>\n\n\n\n<p>\u2022 Se obtiene la adquisici\u00f3n del terreno para la construcci\u00f3n de un nuevo hospital regional de tercer nivel del ISSSTE, en el municipio de Santa Cruz Xoxocotl\u00e1n.<\/p>\n\n\n\n<p>\u2022 Se logra el recurso econ\u00f3mico de la federaci\u00f3n para el pago de 4,567 laudos firmes y 2,767 demandas en proceso por concepto de prima de antig\u00fcedad para los jubilados, los cuales se pagar\u00e1n a partir del 24 de junio bajo una calendarizaci\u00f3n que se dar\u00e1 a conocer desde la estructura correspondiente. Asimismo, se logra el recurso para el pago de la prima de antig\u00fcedad por la v\u00eda pol\u00edtica a 14,050 jubilados, recurso que se va a transferir entre los meses de julio a<\/p>\n\n\n\n<p>\u2022 Continua la ruta de concreci\u00f3n para el pago de incidencias, contrataci\u00f3n por vacancias, contrataci\u00f3n de nuevas necesidades, ascensos, basificaciones, recategorizaciones, descompactaci\u00f3n y pago de horas adeudo, a partir del recurso econ\u00f3mico asumido desde el gobierno federal.<\/p>\n\n\n\n<p>\u2022 Se logra la reactivaci\u00f3n de la Secretar\u00eda T\u00e9cnica del Comit\u00e9 de Ahorro y Pr\u00e9stamos Personales (CAPP) bajo una personalidad juridica y el otorgamiento de un monto de veintiocho millones de pesos desde la federaci\u00f3n.<\/p>\n\n\n\n<p>\u2022 Se establece que en cuanto se concluya la redacci\u00f3n final de la iniciativa de la nueva Ley Estatal de Educaci\u00f3n por la comisi\u00f3n tripartita ser\u00e1 presentada a la C\u00e1mara local para el proceso legislativo correspondiente. En dicha iniciativa se debe reconocer los planteamientos centrales del Plan para la Transformaci\u00f3n de la Educaci\u00f3n de Oaxaca, como parte del contexto regional, local y situacional del servicio educativo, donde tambi\u00e9n se estar\u00e1 garantizando el reconocimiento y vigencia de todos los niveles educativos.<\/p>\n\n\n\n<p>\u201cManifestamos que las demandas de este MDTEO son leg\u00edtimas, sin embargo, en esta jornada de lucha sufrimos de agresi\u00f3n en San Juan Bautista la Raya y represi\u00f3n al exterior de Palacio Nacional el pasado cuatro de junio, por lo cual, exigimos al gobierno estatal y federal castigo a los autores intelectuales y materiales de la agresi\u00f3n y la reparaci\u00f3n inmediata de los da\u00f1os\u201d.<\/p>\n\n\n\n<p>No obstante, reconoce que pese a la jornada de lucha intensa, no se logr\u00f3 la participaci\u00f3n de m\u00e1s del 25 por ciento de la membres\u00eda, que es superior a los 80 mil docentes.<\/p>\n\n\n\n<p>\u201cLa jornada de lucha unitaria de la CNTE, ha iniciado una fase de reorganizaci\u00f3n que permitir\u00e1 fortalecer el plan t\u00e1ctico-estrat\u00e9gico a corto, mediano y largo plazo. En este contexto, el brigadeo, la escuela sindical, las jornadas informativas con los padres de familia y la conformaci\u00f3n de un referente de lucha con los diferentes sectores sociales, nos permitir\u00e1 seguir en la defensa de la educaci\u00f3n p\u00fablica y los derechos laborales de los trabajadores de la educaci\u00f3n y del pa\u00eds\u201d, detalla en su comunicado.<\/p>\n","protected":false},"excerpt":{"rendered":"<p>Raymundo Morales\/Zona Roja. Oaxaca de Ju\u00e1rez, Oax., a 17 de junio de 2024.- En el&hellip;<\/p>\n","protected":false},"author":2,"featured_media":68944,"comment_status":"closed","ping_status":"open","sticky":false,"template":"","format":"standard","meta":{"_lmt_disableupdate":"","_lmt_disable":"","_jetpack_memberships_contains_paid_content":false,"footnotes":""},"categories":[109,47],"tags":[312],"class_list":["post-69499","post","type-post","status-publish","format-standard","has-post-thumbnail","hentry","category-minuto-a-minuto","category-zona-gris","tag-seccion-22-del-snte"],"jetpack_featured_media_url":"https:\/\/zonaroja.com.mx\/wp-content\/uploads\/2024\/05\/Asamblea-Estatal-Seccion-22.jpg","jetpack_sharing_enabled":true,"_links":{"self":[{"href":"https:\/\/zonaroja.com.mx\/index.php?rest_route=\/wp\/v2\/posts\/69499","targetHints":{"allow":["GET"]}}],"collection":[{"href":"https:\/\/zonaroja.com.mx\/index.php?rest_route=\/wp\/v2\/posts"}],"about":[{"href":"https:\/\/zonaroja.com.mx\/index.php?rest_route=\/wp\/v2\/types\/post"}],"author":[{"embeddable":true,"href":"https:\/\/zonaroja.com.mx\/index.php?rest_route=\/wp\/v2\/users\/2"}],"replies":[{"embeddable":true,"href":"https:\/\/zonaroja.com.mx\/index.php?rest_route=%2Fwp%2Fv2%2Fcomments&post=69499"}],"version-history":[{"count":2,"href":"https:\/\/zonaroja.com.mx\/index.php?rest_route=\/wp\/v2\/posts\/69499\/revisions"}],"predecessor-version":[{"id":69507,"href":"https:\/\/zonaroja.com.mx\/index.php?rest_route=\/wp\/v2\/posts\/69499\/revisions\/69507"}],"wp:featuredmedia":[{"embeddable":true,"href":"https:\/\/zonaroja.com.mx\/index.php?rest_route=\/wp\/v2\/media\/68944"}],"wp:attachment":[{"href":"https:\/\/zonaroja.com.mx\/index.php?rest_route=%2Fwp%2Fv2%2Fmedia&parent=69499"}],"wp:term":[{"taxonomy":"category","embeddable":true,"href":"https:\/\/zonaroja.com.mx\/index.php?rest_route=%2Fwp%2Fv2%2Fcategories&post=69499"},{"taxonomy":"post_tag","embeddable":true,"href":"https:\/\/zonaroja.com.mx\/index.php?rest_route=%2Fwp%2Fv2%2Ftags&post=69499"}],"curies":[{"name":"wp","href":"https:\/\/api.w.org\/{rel}","templated":true}]}}