{"id":69509,"date":"2024-06-17T14:30:02","date_gmt":"2024-06-17T20:30:02","guid":{"rendered":"https:\/\/zonaroja.com.mx\/?p=69509"},"modified":"2024-06-17T14:30:02","modified_gmt":"2024-06-17T20:30:02","slug":"asesinan-a-presidente-municipal-electo-de-copala-guerrero","status":"publish","type":"post","link":"https:\/\/zonaroja.com.mx\/?p=69509","title":{"rendered":"Asesinan a presidente municipal electo de Copala, Guerrero"},"content":{"rendered":"\n<p>Redacci\u00f3n\/Zona Roja Cdmx.<\/p>\n\n\n\n<p>Ciudad de M\u00e9xico, a 17 de junio de 2024.- Un grupo armado asesin\u00f3 la madrugada de este lunes al alcalde electo de Copala, Salvador Villalba Flores, luego de bajarlo del autob\u00fas en el que viajaba en las inmediaciones de la comunidad San Pedro las Playas, municipio de Acapulco.<\/p>\n\n\n\n<p>Reportes oficiales indican que Villalba Flores, quien gan\u00f3 las elecciones del pasado 2 de junio por el partido M\u00e9xico Avanza, hab\u00eda acudido a la Ciudad de M\u00e9xico y regresaba a Copala.<\/p>\n\n\n\n<p>Alrededor de las 03:00 horas, en la carretera Acapulco-Pinotepa Nacional, un comando intercept\u00f3 el autob\u00fas de pasajeros en el que iba Villalba Flores, subi\u00f3, se dirigi\u00f3 al Edil electo y lo oblig\u00f3 a bajarse.<\/p>\n\n\n\n<p>Los desconocidos dispararon contra Villalba Flores y dejaron su cuerpo tirado en el suelo.<\/p>\n\n\n\n<p>La Fiscal\u00eda General del Estado (FGE) de Guerrero integr\u00f3 una carpeta de investigaci\u00f3n por este homicidio, mientras que personal de Servicios Periciales realiz\u00f3 las diligencias correspondientes.<\/p>\n\n\n\n<p>Villalba Flores, quien era capit\u00e1n de fragata retirado de la Marina, tuvo como principal adversario en la pasada elecci\u00f3n al morenista Jos\u00e9 Luis Ch\u00e1vez Ventura.<\/p>\n\n\n\n<p>Durante la campa\u00f1a electoral, Villalba Flores fue resguardado por elementos de la Guardia Nacional, pero en esta ocasi\u00f3n no le dieron acompa\u00f1amiento porque, seg\u00fan las autoridades locales, el resguardo solo abarca el territorio de Guerrero y no fuera del estado.<\/p>\n\n\n\n<p>La gobernadora Evelyn Salgado conden\u00f3 el asesinato e instruy\u00f3 a la FGE a realizar con prontitud y eficiencia las investigaciones para que no haya impunidad en este hecho.<\/p>\n\n\n\n<p>\u00abCondeno de manera en\u00e9rgica los deleznables acontecimientos en los que perdi\u00f3 la vida el presidente electo de Copala, Salvador Villalba Flores. Expreso mi m\u00e1s sentido p\u00e9same y me solidarizo con familiares, amigos y simpatizantes del alcalde electo\u00bb, poste\u00f3 en redes sociales.<\/p>\n\n\n\n<p>En junio del 2022, el aspirante del PVEM a la Alcald\u00eda de Copala, Jes\u00fas Gonz\u00e1lez R\u00edos, fue hallado muerto a balazos luego de ser privado de su libertad por un grupo armado.<\/p>\n\n\n\n<p>En abril de 2024, Candy Espinoza R\u00edos, hermana de Jes\u00fas Gonz\u00e1lez, renunci\u00f3 a la candidatura a la Alcald\u00eda que le ofreci\u00f3 el PVEM.<\/p>\n\n\n\n<p>Candy Espinoza acus\u00f3 al Gobierno estatal de haberle negado custodia para realizar su campa\u00f1a, ya que estaba recibiendo amenazas de muerte.<\/p>\n\n\n\n<p>(Informaci\u00f3n de ElDiario.Mx)<\/p>\n","protected":false},"excerpt":{"rendered":"<p>Redacci\u00f3n\/Zona Roja Cdmx. Ciudad de M\u00e9xico, a 17 de junio de 2024.- Un grupo armado&hellip;<\/p>\n","protected":false},"author":2,"featured_media":69508,"comment_status":"closed","ping_status":"open","sticky":false,"template":"","format":"standard","meta":{"_lmt_disableupdate":"","_lmt_disable":"","_jetpack_memberships_contains_paid_content":false,"footnotes":""},"categories":[109,51],"tags":[],"class_list":["post-69509","post","type-post","status-publish","format-standard","has-post-thumbnail","hentry","category-minuto-a-minuto","category-zona-roja"],"jetpack_featured_media_url":"https:\/\/zonaroja.com.mx\/wp-content\/uploads\/2024\/06\/img_5398-1.jpg","jetpack_sharing_enabled":true,"_links":{"self":[{"href":"https:\/\/zonaroja.com.mx\/index.php?rest_route=\/wp\/v2\/posts\/69509","targetHints":{"allow":["GET"]}}],"collection":[{"href":"https:\/\/zonaroja.com.mx\/index.php?rest_route=\/wp\/v2\/posts"}],"about":[{"href":"https:\/\/zonaroja.com.mx\/index.php?rest_route=\/wp\/v2\/types\/post"}],"author":[{"embeddable":true,"href":"https:\/\/zonaroja.com.mx\/index.php?rest_route=\/wp\/v2\/users\/2"}],"replies":[{"embeddable":true,"href":"https:\/\/zonaroja.com.mx\/index.php?rest_route=%2Fwp%2Fv2%2Fcomments&post=69509"}],"version-history":[{"count":1,"href":"https:\/\/zonaroja.com.mx\/index.php?rest_route=\/wp\/v2\/posts\/69509\/revisions"}],"predecessor-version":[{"id":69510,"href":"https:\/\/zonaroja.com.mx\/index.php?rest_route=\/wp\/v2\/posts\/69509\/revisions\/69510"}],"wp:featuredmedia":[{"embeddable":true,"href":"https:\/\/zonaroja.com.mx\/index.php?rest_route=\/wp\/v2\/media\/69508"}],"wp:attachment":[{"href":"https:\/\/zonaroja.com.mx\/index.php?rest_route=%2Fwp%2Fv2%2Fmedia&parent=69509"}],"wp:term":[{"taxonomy":"category","embeddable":true,"href":"https:\/\/zonaroja.com.mx\/index.php?rest_route=%2Fwp%2Fv2%2Fcategories&post=69509"},{"taxonomy":"post_tag","embeddable":true,"href":"https:\/\/zonaroja.com.mx\/index.php?rest_route=%2Fwp%2Fv2%2Ftags&post=69509"}],"curies":[{"name":"wp","href":"https:\/\/api.w.org\/{rel}","templated":true}]}}