{"id":69514,"date":"2024-06-17T19:28:10","date_gmt":"2024-06-18T01:28:10","guid":{"rendered":"https:\/\/zonaroja.com.mx\/?p=69514"},"modified":"2024-06-17T19:28:12","modified_gmt":"2024-06-18T01:28:12","slug":"morena-aplico-encuesta-sobre-reformas-al-poder-judicial-y-la-mayoria-aprueba","status":"publish","type":"post","link":"https:\/\/zonaroja.com.mx\/?p=69514","title":{"rendered":"Morena aplic\u00f3 encuesta sobre reformas al Poder Judicial y la mayor\u00eda aprueba"},"content":{"rendered":"\n<p>Redacci\u00f3n\/Zona Roja Cdmx.<\/p>\n\n\n\n<p>Ciudad de M\u00e9xico, a 17 de junio de 2024.- Tal como lo hab\u00eda anunciado la semana pasada, Claudia Sheinbaum, la virtual presidenta electa, present\u00f3 este lunes en su conferencia de prensa, los resultados de las encuestas elaboradas por Morena para conocer la opini\u00f3n de la ciudadan\u00eda sobre la propuesta de reformar al Poder Judicial; propuesta que enviar\u00e1 el presidente Andr\u00e9s Manuel L\u00f3pez Obrador al Congreso.<\/p>\n\n\n\n<p>Seg\u00fan los resultados obtenidos por las empresas contratadas por el partido Morena, Enkoll y De la Heras, as\u00ed como por la encuestadora de Morena, se evidencia un fuerte respaldo ciudadano a la propuesta de reforma judicial.<\/p>\n\n\n\n<p>En respuesta a la pregunta \u00ab\u00bfPor lo que sabe o ha escuchado, \u00bfusted considera necesario que se lleve a cabo una reforma al Poder Judicial?\u201d, el 77 % de los encuestados por De las Heras, el 83 % por Enkoll, y el 81 % por la encuestadora de Morena respondieron que consideran que s\u00ed es necesaria dicha reforma.<\/p>\n\n\n\n<p>Con un resultado positivo similar, la pregunta sobre la forma en que deben ser elegidos los magistrados y jueces del Poder Judicial, result\u00f3 en: 68 % por De las Heras, el 75 % por Enkoll, y el 75 % por Morena opinaron que deber\u00edan ser elegidos por el pueblo.<\/p>\n\n\n\n<p>En la pregunta sobre la creaci\u00f3n de un \u00f3rgano independiente al Poder Judicial de la Federaci\u00f3n que vigile, investigue y sancione a los ministros, magistrados y jueces que incurran en alguna falta o actos de corrupci\u00f3n: 87 %, 85 % y 89 % de los encuestados respondiendo favorablemente a esta propuesta por De las Heras, Enkoll y la Comisi\u00f3n de Encuestas de Morena, respectivamente.<\/p>\n\n\n\n<p>Adem\u00e1s, la percepci\u00f3n de corrupci\u00f3n en el Poder Judicial fue abordada en las encuestas. Los resultados arrojaron que un porcentaje significativo de la poblaci\u00f3n considera que la corrupci\u00f3n est\u00e1 presente en el sistema judicial, con distintos niveles de percepci\u00f3n de corrupci\u00f3n entre los encuestados.<\/p>\n\n\n\n<p>Tras exhibir los resultados Claudia Sheinbaum destac\u00f3 que, a pesar de haber obtenido un respaldo del 55 por ciento de los votantes, la propuesta de reforma en esta materia tuvo un respaldo mayor seg\u00fan los resultados de las encuestas presentadas.<\/p>\n\n\n\n<p>Es importante se\u00f1alar que Sheinbaum aclar\u00f3 que estas encuestas son informaci\u00f3n y no tienen ning\u00fan otro objetivo m\u00e1s que proporcionar datos a considerar.<\/p>\n\n\n\n<p>\u201cComo vemos, un porcentaje muy alto de la poblaci\u00f3n considera que es necesario el cambio del aparato judicial\u201d, dijo Sheinbaum.&nbsp;<\/p>\n\n\n\n<p>(Informaci\u00f3n del diario \u201cEje Central\u201d)<\/p>\n","protected":false},"excerpt":{"rendered":"<p>Redacci\u00f3n\/Zona Roja Cdmx. Ciudad de M\u00e9xico, a 17 de junio de 2024.- Tal como lo&hellip;<\/p>\n","protected":false},"author":2,"featured_media":69515,"comment_status":"closed","ping_status":"open","sticky":false,"template":"","format":"standard","meta":{"_lmt_disableupdate":"","_lmt_disable":"","_jetpack_memberships_contains_paid_content":false,"footnotes":""},"categories":[109,47],"tags":[3370],"class_list":["post-69514","post","type-post","status-publish","format-standard","has-post-thumbnail","hentry","category-minuto-a-minuto","category-zona-gris","tag-claudia-sheinbaum"],"jetpack_featured_media_url":"https:\/\/zonaroja.com.mx\/wp-content\/uploads\/2024\/06\/Encuesta-Claudia-Sheinbaum-reforma-Poder-Judicial.jpeg","jetpack_sharing_enabled":true,"_links":{"self":[{"href":"https:\/\/zonaroja.com.mx\/index.php?rest_route=\/wp\/v2\/posts\/69514","targetHints":{"allow":["GET"]}}],"collection":[{"href":"https:\/\/zonaroja.com.mx\/index.php?rest_route=\/wp\/v2\/posts"}],"about":[{"href":"https:\/\/zonaroja.com.mx\/index.php?rest_route=\/wp\/v2\/types\/post"}],"author":[{"embeddable":true,"href":"https:\/\/zonaroja.com.mx\/index.php?rest_route=\/wp\/v2\/users\/2"}],"replies":[{"embeddable":true,"href":"https:\/\/zonaroja.com.mx\/index.php?rest_route=%2Fwp%2Fv2%2Fcomments&post=69514"}],"version-history":[{"count":1,"href":"https:\/\/zonaroja.com.mx\/index.php?rest_route=\/wp\/v2\/posts\/69514\/revisions"}],"predecessor-version":[{"id":69516,"href":"https:\/\/zonaroja.com.mx\/index.php?rest_route=\/wp\/v2\/posts\/69514\/revisions\/69516"}],"wp:featuredmedia":[{"embeddable":true,"href":"https:\/\/zonaroja.com.mx\/index.php?rest_route=\/wp\/v2\/media\/69515"}],"wp:attachment":[{"href":"https:\/\/zonaroja.com.mx\/index.php?rest_route=%2Fwp%2Fv2%2Fmedia&parent=69514"}],"wp:term":[{"taxonomy":"category","embeddable":true,"href":"https:\/\/zonaroja.com.mx\/index.php?rest_route=%2Fwp%2Fv2%2Fcategories&post=69514"},{"taxonomy":"post_tag","embeddable":true,"href":"https:\/\/zonaroja.com.mx\/index.php?rest_route=%2Fwp%2Fv2%2Ftags&post=69514"}],"curies":[{"name":"wp","href":"https:\/\/api.w.org\/{rel}","templated":true}]}}