{"id":69523,"date":"2024-06-18T06:40:35","date_gmt":"2024-06-18T12:40:35","guid":{"rendered":"https:\/\/zonaroja.com.mx\/?p=69523"},"modified":"2024-06-18T06:40:38","modified_gmt":"2024-06-18T12:40:38","slug":"alertan-sobre-posible-huracan-en-el-golfo-de-mexico-tocaria-tierra-el-jueves","status":"publish","type":"post","link":"https:\/\/zonaroja.com.mx\/?p=69523","title":{"rendered":"Alertan sobre posible hurac\u00e1n en el Golfo de M\u00e9xico; tocar\u00eda tierra el jueves"},"content":{"rendered":"\n<p>Redacci\u00f3n\/Zona Roja Cdmx.<\/p>\n\n\n\n<p>Ciudad de M\u00e9xico, a 18 de junio de 2024.- El Servicio Meteorol\u00f3gico Nacional (SMN) inform\u00f3 que durante la tarde de este lunes 17 de junio se form\u00f3 el potencial Cicl\u00f3n Tropical \u201cUno\u201d al sur del Golfo de M\u00e9xico, frente a las costas de Campeche y Tabasco.<\/p>\n\n\n\n<p>Presenta vientos m\u00e1ximos sostenidos de 65 kil\u00f3metros por hora (km\/h), rachas de viento de 85 km\/h y se desplaza hacia el nor-noroeste a una velocidad de 11 kil\u00f3metros por hora.<\/p>\n\n\n\n<p>Se prev\u00e9 que el sistema se intensificar\u00e1 el martes en la tarde, transform\u00e1ndose en la Tormenta Tropical \u201cAlberto\u201d con vientos de hasta 118 km\/h, ubic\u00e1ndose a unos 295 km al este del R\u00edo P\u00e1nuco, en el norte de Veracruz.<\/p>\n\n\n\n<p>De acuerdo con los pron\u00f3sticos del SMN, el jueves 20 de junio tocar\u00e1 tierra como Tormenta Tropical en Tamaulipas, raz\u00f3n por la cual se estableci\u00f3 una zona de vigilancia desde la desembocadura del R\u00edo Grande hasta Boca de Cat\u00e1n.<\/p>\n\n\n\n<p>La amplia circulaci\u00f3n de este sistema meteorol\u00f3gico ocasion\u00f3 este lunes por la noche, y madrugada del martes, lluvias torrenciales en Chiapas, Tabasco, Campeche, Yucat\u00e1n y Quintana Roo, adem\u00e1s precipitaciones intensas en Oaxaca, Veracruz y Puebla.<\/p>\n\n\n\n<p>Otro de los efectos de este potencial de cicl\u00f3n son las rachas de viento de 60 a 80 kil\u00f3metros por hora, adem\u00e1s de la posible formaci\u00f3n de trombas marinas en las costas de Yucat\u00e1n y Quintana Roo.<\/p>\n\n\n\n<p>Este evento ocasionar\u00e1 lluvias, de intensas a torrenciales, as\u00ed como vientos fuertes en los estados del sureste y la Pen\u00ednsula de Yucat\u00e1n.<\/p>\n\n\n\n<p>Una vez que este cicl\u00f3n tropical ingrese a territorio mexicano, sus bandas causar\u00e1n fuertes lluvias en Tamaulipas, Nuevo L\u00e9on, Coahuila, San Luis Potosi y parte de Durango.<\/p>\n\n\n\n<p>Alejandra Margarita M\u00e9ndez Gir\u00f3n, coordinadora general del SMN, destac\u00f3 en conferencia de prensa la necesidad de mantenerse informados a trav\u00e9s de fuentes oficiales y adoptar medidas de precauci\u00f3n.<\/p>\n\n\n\n<p>M\u00e9ndez Gir\u00f3n explic\u00f3 que las bandas nubosas del sistema est\u00e1n ocasionando lluvias en Campeche, Chiapas, Oaxaca, Quintana Roo, Tabasco, Veracruz y Yucat\u00e1n.<\/p>\n\n\n\n<p>El jefe del departamento del Centro de An\u00e1lisis y Pron\u00f3stico Meteorol\u00f3gico de la Secretar\u00eda de Marina (Semar), Jorge Jos\u00e9 Garc\u00eda Quiroz, anticip\u00f3 un oleaje elevado en el Golfo de M\u00e9xico y el noroeste del Mar Caribe. Se espera que las olas alcancen hasta seis metros en algunas \u00e1reas costeras para el mi\u00e9rcoles.<\/p>\n\n\n\n<p>Blanca L\u00facido Toto, jefa de Avisos de Seguridad Mar\u00edtima de la Semar, confirm\u00f3 el cierre preventivo para navegaci\u00f3n menor en varios puertos, incluyendo Presa Falc\u00f3n en Tamaulipas, Veracruz, Villahermosa y varios puertos en Quintana Roo.<\/p>\n\n\n\n<p>Jes\u00fas Heriberto Montes Ortiz, gerente de Aguas Superficiales e Ingenier\u00eda de R\u00edos de Conagua, se\u00f1al\u00f3 una vigilancia especial sobre presas y r\u00edos en Chiapas, Oaxaca, Tabasco, Tamaulipas y Veracruz debido al riesgo de lluvias intensas. Este monitoreo es crucial para prever posibles desbordes y atender cualquier emergencia inmediata.<\/p>\n\n\n\n<p>Tania Patricia Ram\u00edrez Guti\u00e9rrez, directora del Centro Nacional de Comunicaci\u00f3n y Operaci\u00f3n de Protecci\u00f3n Civil, asegur\u00f3 que se han desplegado Misiones de Enlace y Coordinaci\u00f3n en las zonas de mayor riesgo para coordinar acciones y apoyar a la poblaci\u00f3n. Recomend\u00f3 a la ciudadan\u00eda permanecer en sus hogares o acudir a refugios temporales cuando el fen\u00f3meno toque tierra.<\/p>\n\n\n\n<p>De evolucionar a Tormenta Tropical, \u201cAlberto\u201d ser\u00e1 el primer cicl\u00f3n de la temporada de huracanes 2024 en el Atl\u00e1ntico, considerando que hasta ahora en la Cuenca del Pac\u00edfico no se ha presentado ning\u00fan sistema.<\/p>\n\n\n\n<p>La presencia del fen\u00f3meno denominado \u201cLa Ni\u00f1a\u201d propicia un enfriamiento en las aguas del Oc\u00e9ano Pac\u00edfico mientras que en el Atl\u00e1ntico las aguas superficiales aumentan su temperatura. Por esta raz\u00f3n se espera que en el transcurso de 2024 la mayor actividad cicl\u00f3nica se presente en el Caribe y Golfo de M\u00e9xico.<\/p>\n\n\n\n<p>(Informaci\u00f3n de Infobae M\u00e9xico)<\/p>\n","protected":false},"excerpt":{"rendered":"<p>Redacci\u00f3n\/Zona Roja Cdmx. Ciudad de M\u00e9xico, a 18 de junio de 2024.- El Servicio Meteorol\u00f3gico&hellip;<\/p>\n","protected":false},"author":2,"featured_media":69524,"comment_status":"closed","ping_status":"open","sticky":false,"template":"","format":"standard","meta":{"_lmt_disableupdate":"","_lmt_disable":"","_jetpack_memberships_contains_paid_content":false,"footnotes":""},"categories":[109,47],"tags":[],"class_list":["post-69523","post","type-post","status-publish","format-standard","has-post-thumbnail","hentry","category-minuto-a-minuto","category-zona-gris"],"jetpack_featured_media_url":"https:\/\/zonaroja.com.mx\/wp-content\/uploads\/2024\/06\/Ciclon-tropical-Golfo.png.avif","jetpack_sharing_enabled":true,"_links":{"self":[{"href":"https:\/\/zonaroja.com.mx\/index.php?rest_route=\/wp\/v2\/posts\/69523","targetHints":{"allow":["GET"]}}],"collection":[{"href":"https:\/\/zonaroja.com.mx\/index.php?rest_route=\/wp\/v2\/posts"}],"about":[{"href":"https:\/\/zonaroja.com.mx\/index.php?rest_route=\/wp\/v2\/types\/post"}],"author":[{"embeddable":true,"href":"https:\/\/zonaroja.com.mx\/index.php?rest_route=\/wp\/v2\/users\/2"}],"replies":[{"embeddable":true,"href":"https:\/\/zonaroja.com.mx\/index.php?rest_route=%2Fwp%2Fv2%2Fcomments&post=69523"}],"version-history":[{"count":1,"href":"https:\/\/zonaroja.com.mx\/index.php?rest_route=\/wp\/v2\/posts\/69523\/revisions"}],"predecessor-version":[{"id":69525,"href":"https:\/\/zonaroja.com.mx\/index.php?rest_route=\/wp\/v2\/posts\/69523\/revisions\/69525"}],"wp:featuredmedia":[{"embeddable":true,"href":"https:\/\/zonaroja.com.mx\/index.php?rest_route=\/wp\/v2\/media\/69524"}],"wp:attachment":[{"href":"https:\/\/zonaroja.com.mx\/index.php?rest_route=%2Fwp%2Fv2%2Fmedia&parent=69523"}],"wp:term":[{"taxonomy":"category","embeddable":true,"href":"https:\/\/zonaroja.com.mx\/index.php?rest_route=%2Fwp%2Fv2%2Fcategories&post=69523"},{"taxonomy":"post_tag","embeddable":true,"href":"https:\/\/zonaroja.com.mx\/index.php?rest_route=%2Fwp%2Fv2%2Ftags&post=69523"}],"curies":[{"name":"wp","href":"https:\/\/api.w.org\/{rel}","templated":true}]}}