{"id":69532,"date":"2024-06-18T10:30:00","date_gmt":"2024-06-18T16:30:00","guid":{"rendered":"https:\/\/zonaroja.com.mx\/?p=69532"},"modified":"2024-06-18T07:30:27","modified_gmt":"2024-06-18T13:30:27","slug":"garantiza-fiscalia-compromiso-de-esclarecer-crimen-de-periodista","status":"publish","type":"post","link":"https:\/\/zonaroja.com.mx\/?p=69532","title":{"rendered":"Garantiza Fiscal\u00eda compromiso de esclarecer crimen de periodista"},"content":{"rendered":"\n<p>Redacci\u00f3n\/Zona Roja.&nbsp;<\/p>\n\n\n\n<p>Oaxaca de Ju\u00e1rez, Oax., a 18 de junio de 2024.- Al participar en el Acto de Disculpa P\u00fablica del Gobierno del Estado de Oaxaca y la Coordinaci\u00f3n Ejecutiva Nacional del Mecanismo para la Protecci\u00f3n de Personas Defensoras de Derechos Humanos y Periodistas por el caso del periodista Gustavo S\u00e1nchez, el fiscal General, Bernardo Rodr\u00edguez Alamilla, dijo que la instituci\u00f3n tiene el compromiso de esclarecer este caso y que no quede en la impunidad, pues es la forma en la que se asume realmente la responsabilidad institucional y se reivindica la memoria del periodista.<\/p>\n\n\n\n<p>Durante el acto protocolario en el que estuvieron presentes, Maril\u00fa Salinas, esposa del periodista Gustavo S\u00e1nchez; la coordinadora para la Atenci\u00f3n a los Derechos Humanos del Gobierno de Oaxaca, Flor Estela Morales Hern\u00e1ndez; el consejero Jur\u00eddico del Gobierno, Geovany V\u00e1squez Sagrero; el director de seguimiento de recomendaciones de la Comisi\u00f3n Nacional de los Derechos Humanos, Cesar Eduardo Medel, y Tobyanne Ledesma directora general del Mecanismo de Protecci\u00f3n a Personas Defensoras de Derechos Humanos y Periodistas;&nbsp;el fiscal puntualiz\u00f3 que la p\u00e9rdida de Gustavo S\u00e1nchez es una herida profunda para la sociedad oaxaque\u00f1a, por ello, no se escatiman esfuerzos para esclarecer los hechos y que se castigue a los responsables.<\/p>\n\n\n\n<p>Ante la presencia de Balbina Flores, representante de Reporteros Sin Fronteras; Sara Mendiola Landeros, directora de Propuesta C\u00edvica, y Ricardo Cancela Neves, oficial del Alto Comisionado de Derechos Humanos de la Organizaci\u00f3n de las Naciones Unidas, el titular de la Fiscal\u00eda General del Estado de Oaxaca dijo que esclarecer los hechos permitir\u00e1 sentar un precedente que env\u00ede el mensaje que, las agresiones y delitos cometidos en contra de las y los periodistas no ser\u00e1n tolerados, por ello, desde el a\u00f1o pasado se cre\u00f3 una unidad especializada para atender este tipo de casos y establecer mejores procesos de atenci\u00f3n en la materia es uno de los ejes de la reingenier\u00eda institucional.<\/p>\n\n\n\n<p>A\u00f1adi\u00f3 que estas acciones est\u00e1n enfocadas en contribuir a garantizar un entorno m\u00e1s seguro para quienes ejercer el periodismo pues su actividad es esencial dentro de la toma de decisiones de la sociedad, \u201cpor lo que hemos implementado medidas que permitan prevenir casos de agresiones, por lo que en la FGEO se generan procesos diligentes para garantizar la sanci\u00f3n ante alguna agresi\u00f3n, adem\u00e1s que se han establecido mecanismos que incluyen la labor coordinada con otras instituciones.<\/p>\n\n\n\n<p>El fiscal Bernardo Rodr\u00edguez extern\u00f3 su solidaridad a los familiares, as\u00ed como al gremio period\u00edstico, y reiter\u00f3 que hay un compromiso institucional para esclarecer el hecho, pues una forma de sostener y reivindicar la memoria de Gustavo S\u00e1nchez es garantizar una adecuada procuraci\u00f3n de justicia para romper la impunidad.<\/p>\n\n\n\n<figure class=\"wp-block-embed is-type-rich is-provider-twitter wp-block-embed-twitter\"><div class=\"wp-block-embed__wrapper\">\n<div class=\"twitter-tweet\"><blockquote class=\"twitter-tweet\" data-lang=\"es\"><p lang=\"es\" dir=\"ltr\">En su mensaje, el titular de la <a href=\"https:\/\/twitter.com\/FISCALIA_GobOax?ref_src=twsrc%5Etfw\">@FISCALIA_GobOax<\/a>, <a href=\"https:\/\/twitter.com\/FiscalOaxaca?ref_src=twsrc%5Etfw\">@FiscalOaxaca<\/a>, expres\u00f3 que hay el compromiso institucional de esclarecer el caso del crimen del periodista Gustavo S\u00e1nchez Cabrera, pues dijo que una forma de sostener y reivindicar la memoria del comunicador es garantizar una\u2026 <a href=\"https:\/\/t.co\/ypVJ2sOEJd\">pic.twitter.com\/ypVJ2sOEJd<\/a><\/p>&mdash; Zona Roja Oaxaca (@ZonaRoja_Oaxaca) <a href=\"https:\/\/twitter.com\/ZonaRoja_Oaxaca\/status\/1802891601431171492?ref_src=twsrc%5Etfw\">18 de junio de 2024<\/a><\/blockquote><\/div>\n<\/div><\/figure>\n\n\n\n<p>INSUFICIENTE PERO AVANCE<\/p>\n\n\n\n<p>Al intervenir Maril\u00fa Salinas, esposa del periodista Gustavo S\u00e1nchez, record\u00f3 que \u00e9l fue asesinado el 17 de junio de 2021 por su labor como periodista, se\u00f1al\u00f3 que, si bien este acto no es suficiente, espera que sea un avance que se traduzca en cambios significativos en las instituciones para que casos como el de su esposo no vuelvan a repetirse.<\/p>\n\n\n\n<p>Por su parte, al ofrecer la disculpa p\u00fablica a nombre del Gobierno del Estado de Oaxaca, el consejero Jur\u00eddico, Geovany V\u00e1squez Sagrero, dijo que este acto es una forma en la que se asume el compromiso de garantizar que las y los periodistas ejerzan su actividad en condiciones de seguridad, y que las fallas que permitieron este hecho ser\u00e1n corregidas para que no vuelvan a repetirse.<\/p>\n\n\n\n<p>Mientras que, la directora general del Mecanismo de Protecci\u00f3n a Personas Defensoras de Derechos Humanos y Periodistas, Tobyanne Ledesma reconoci\u00f3 que no hubo una adecuada respuesta y atenci\u00f3n a Gustavo S\u00e1nchez y que, las fallas al atender la situaci\u00f3n de riesgo, se tradujeron en omisiones que resultaron en la p\u00e9rdida de la vida del periodista, por ello, se hacen procesos al interior del mecanismo como medidas de no repetici\u00f3n.<\/p>\n\n\n\n<p>Asimismo, durante su participaci\u00f3n, la representante de Reporteros Sin Fronteras, Balbina Flores, expuso que el caso de Gustavo S\u00e1nchez evidencia la urgencia de reformar el Mecanismo Federal de Protecci\u00f3n a Personas Defensoras de Derechos Humanos y Periodistas para que pueda cumplir adecuadamente con su funci\u00f3n, especialmente en M\u00e9xico en donde ejercer el periodismo es una actividad de alto riesgo.<\/p>\n\n\n\n<p>Finalmente, Sara Mendiola Landeros, directora de Propuesta C\u00edvica se\u00f1al\u00f3 que debe revisarse la actuaci\u00f3n de las fiscal\u00edas y procuradur\u00edas estatales, pues estos organismos deben garantizar investigaciones efectiva en casos de agresiones a periodistas de modo que al romper con la impunidad se impida que se atente contra la vida de quienes ejercen esta actividad, y&nbsp; por su parte el oficial del Alto Comisionado de Derechos Humanos de la Organizaci\u00f3n de las Naciones Unidas Ricardo Cancela Neves puntualiz\u00f3 que este tipo de actos de disculpa p\u00fablica debe traducirse en acciones concretas en las instituciones, pues, es la \u00fanica v\u00eda para que estas acciones sean efectivas.<\/p>\n","protected":false},"excerpt":{"rendered":"<p>Redacci\u00f3n\/Zona Roja.&nbsp; Oaxaca de Ju\u00e1rez, Oax., a 18 de junio de 2024.- Al participar en&hellip;<\/p>\n","protected":false},"author":2,"featured_media":69533,"comment_status":"closed","ping_status":"open","sticky":false,"template":"","format":"standard","meta":{"_lmt_disableupdate":"","_lmt_disable":"","_jetpack_memberships_contains_paid_content":false,"footnotes":""},"categories":[109,46],"tags":[494],"class_list":["post-69532","post","type-post","status-publish","format-standard","has-post-thumbnail","hentry","category-minuto-a-minuto","category-zona-blanca","tag-fiscalia-general-del-estado-de-oaxaca"],"jetpack_featured_media_url":"https:\/\/zonaroja.com.mx\/wp-content\/uploads\/2024\/06\/Disculpa-publica-caso-periodista-Gustavo-Sanchez.jpeg","jetpack_sharing_enabled":true,"_links":{"self":[{"href":"https:\/\/zonaroja.com.mx\/index.php?rest_route=\/wp\/v2\/posts\/69532","targetHints":{"allow":["GET"]}}],"collection":[{"href":"https:\/\/zonaroja.com.mx\/index.php?rest_route=\/wp\/v2\/posts"}],"about":[{"href":"https:\/\/zonaroja.com.mx\/index.php?rest_route=\/wp\/v2\/types\/post"}],"author":[{"embeddable":true,"href":"https:\/\/zonaroja.com.mx\/index.php?rest_route=\/wp\/v2\/users\/2"}],"replies":[{"embeddable":true,"href":"https:\/\/zonaroja.com.mx\/index.php?rest_route=%2Fwp%2Fv2%2Fcomments&post=69532"}],"version-history":[{"count":1,"href":"https:\/\/zonaroja.com.mx\/index.php?rest_route=\/wp\/v2\/posts\/69532\/revisions"}],"predecessor-version":[{"id":69534,"href":"https:\/\/zonaroja.com.mx\/index.php?rest_route=\/wp\/v2\/posts\/69532\/revisions\/69534"}],"wp:featuredmedia":[{"embeddable":true,"href":"https:\/\/zonaroja.com.mx\/index.php?rest_route=\/wp\/v2\/media\/69533"}],"wp:attachment":[{"href":"https:\/\/zonaroja.com.mx\/index.php?rest_route=%2Fwp%2Fv2%2Fmedia&parent=69532"}],"wp:term":[{"taxonomy":"category","embeddable":true,"href":"https:\/\/zonaroja.com.mx\/index.php?rest_route=%2Fwp%2Fv2%2Fcategories&post=69532"},{"taxonomy":"post_tag","embeddable":true,"href":"https:\/\/zonaroja.com.mx\/index.php?rest_route=%2Fwp%2Fv2%2Ftags&post=69532"}],"curies":[{"name":"wp","href":"https:\/\/api.w.org\/{rel}","templated":true}]}}