{"id":6954,"date":"2019-12-25T07:22:43","date_gmt":"2019-12-25T13:22:43","guid":{"rendered":"http:\/\/www.zonaroja.com.mx\/?p=6954"},"modified":"2019-12-25T07:22:47","modified_gmt":"2019-12-25T13:22:47","slug":"dos-muertos-y-al-menos-ocho-heridos-en-incendio-de-la-merced-de-la-cdmx","status":"publish","type":"post","link":"https:\/\/zonaroja.com.mx\/?p=6954","title":{"rendered":"Dos muertos y al menos ocho heridos en incendio de \u201cLa Merced\u201d de la Cdmx"},"content":{"rendered":"\n<p>Redacci\u00f3n\/Zona Roja Cdmx.<\/p>\n\n\n\n<p>Ciudad de M\u00e9xico., 25 de diciembre de\n2019.- Dos locatarios murieron y al menos ocho personas resultaron heridas en\nel incendio que arras\u00f3 parte de la nave mayor del mercado de La Merced, dijo a \u201cLa\nJornada2 una fuente oficial en la madrugada del mi\u00e9rcoles 25.<\/p>\n\n\n\n<p>El secretario de Gobierno de la Ciudad\nde M\u00e9xico, Arturo Medina,&nbsp; inform\u00f3 que\nambos fallecidos resultaron electrocutados durante el siniestro, por un cable\nde alta tensi\u00f3n que se desplom\u00f3<\/p>\n\n\n\n<p>Tambi\u00e9n confirm\u00f3 que en los primeros\nminutos del mi\u00e9rcoles, el&nbsp; fuego se hab\u00eda\nsofocado en un&nbsp; 80 por ciento.<\/p>\n\n\n\n<p>La secretaria de Gesti\u00f3n Integral de\nRiesgos y Protecci\u00f3n Civil del gobierno capitalino, Myriam Urz\u00faa, indic\u00f3 a su\nvez que unos 600 locales resultaron afectados.<\/p>\n\n\n\n<p>El incendio estall\u00f3 hacia las 21:40\nhoras en el \u00e1rea de venta de vegetales.&nbsp;\nCerca de las 23:00, el jefe del Cuerpo de Bomberos de la capital, Juan\nManuel P\u00e9rez Cova, inform\u00f3 que el fuego estaba \u00abconfinado\u00bb.<\/p>\n\n\n\n<p>P\u00e9rez Cova dijo que se aplicaba\nespum\u00f3geno, una tecnolog\u00eda de reciente adquisici\u00f3n, para sofocar las llamas y\nenfriar el \u00e1rea del incendio.<\/p>\n\n\n\n<p>La Secretar\u00eda de Seguridad Ciudadana\nreport\u00f3 que en el acceso de la puerta 17 llegaron comerciantes que\npretend\u00edan&nbsp; entrar por sus cosas, pero\npor seguridad no se les permiti\u00f3 el paso, \u00ablo que gener\u00f3 una ri\u00f1a\u00bb, a\nconsecuencia de lo cual hubo algunos heridos.<\/p>\n\n\n\n<p>Tres Grandes Incendios<\/p>\n\n\n\n<p>De acuerdo con informaci\u00f3n de \u201cLa\nJornada\u201d, en las \u00faltimas d\u00e9cada otros tres grandes incendios han devastado\npartes del mercado, ubicado en el costado oriental del Centro Hist\u00f3rico de la\ncapital.<\/p>\n\n\n\n<p>Un puesto de fuegos artificiales en la\nzona de dulces explot\u00f3 en 1988.&nbsp; Hubo 60\nmuertos y 65 heridos, as\u00ed como incalculables p\u00e9rdidas econ\u00f3micas. El siniestro\nafect\u00f3 a cerca de la mitad del mercado.<\/p>\n\n\n\n<p>Diez a\u00f1os m\u00e1s tarde otro incendio\ndestruy\u00f3 la mayor parte de la zona central del mercado, en el \u00e1rea de venta de\nzapatos, frutas y vegetales, pero no se reportaron v\u00edctimas.<\/p>\n\n\n\n<p>Una nueva conflagraci\u00f3n arras\u00f3 casi la\nmitad de la nave mayor, en 2013, con s\u00f3lo da\u00f1os materiales.<\/p>\n","protected":false},"excerpt":{"rendered":"<p>Redacci\u00f3n\/Zona Roja Cdmx. Ciudad de M\u00e9xico., 25 de diciembre de 2019.- Dos locatarios murieron y&hellip;<\/p>\n","protected":false},"author":2,"featured_media":6955,"comment_status":"closed","ping_status":"open","sticky":false,"template":"","format":"standard","meta":{"_lmt_disableupdate":"","_lmt_disable":"","_jetpack_memberships_contains_paid_content":false,"footnotes":""},"categories":[109,47],"tags":[1174],"class_list":["post-6954","post","type-post","status-publish","format-standard","has-post-thumbnail","hentry","category-minuto-a-minuto","category-zona-gris","tag-mercado-la-merced"],"jetpack_featured_media_url":"https:\/\/zonaroja.com.mx\/wp-content\/uploads\/2019\/12\/IMG_2383.jpg","jetpack_sharing_enabled":true,"_links":{"self":[{"href":"https:\/\/zonaroja.com.mx\/index.php?rest_route=\/wp\/v2\/posts\/6954","targetHints":{"allow":["GET"]}}],"collection":[{"href":"https:\/\/zonaroja.com.mx\/index.php?rest_route=\/wp\/v2\/posts"}],"about":[{"href":"https:\/\/zonaroja.com.mx\/index.php?rest_route=\/wp\/v2\/types\/post"}],"author":[{"embeddable":true,"href":"https:\/\/zonaroja.com.mx\/index.php?rest_route=\/wp\/v2\/users\/2"}],"replies":[{"embeddable":true,"href":"https:\/\/zonaroja.com.mx\/index.php?rest_route=%2Fwp%2Fv2%2Fcomments&post=6954"}],"version-history":[{"count":1,"href":"https:\/\/zonaroja.com.mx\/index.php?rest_route=\/wp\/v2\/posts\/6954\/revisions"}],"predecessor-version":[{"id":6956,"href":"https:\/\/zonaroja.com.mx\/index.php?rest_route=\/wp\/v2\/posts\/6954\/revisions\/6956"}],"wp:featuredmedia":[{"embeddable":true,"href":"https:\/\/zonaroja.com.mx\/index.php?rest_route=\/wp\/v2\/media\/6955"}],"wp:attachment":[{"href":"https:\/\/zonaroja.com.mx\/index.php?rest_route=%2Fwp%2Fv2%2Fmedia&parent=6954"}],"wp:term":[{"taxonomy":"category","embeddable":true,"href":"https:\/\/zonaroja.com.mx\/index.php?rest_route=%2Fwp%2Fv2%2Fcategories&post=6954"},{"taxonomy":"post_tag","embeddable":true,"href":"https:\/\/zonaroja.com.mx\/index.php?rest_route=%2Fwp%2Fv2%2Ftags&post=6954"}],"curies":[{"name":"wp","href":"https:\/\/api.w.org\/{rel}","templated":true}]}}