{"id":69541,"date":"2024-06-18T12:23:00","date_gmt":"2024-06-18T18:23:00","guid":{"rendered":"https:\/\/zonaroja.com.mx\/?p=69541"},"modified":"2024-06-18T08:24:35","modified_gmt":"2024-06-18T14:24:35","slug":"avala-el-congreso-el-reemplazo-de-tres-presidentes-municipales-en-oaxaca","status":"publish","type":"post","link":"https:\/\/zonaroja.com.mx\/?p=69541","title":{"rendered":"Avala el Congreso el reemplazo de tres presidentes municipales en Oaxaca"},"content":{"rendered":"\n<p>Redacci\u00f3n\/Zona Roja.<\/p>\n\n\n\n<p>Oaxaca de Ju\u00e1rez, Oax., 18 de junio de 2024.- En sesi\u00f3n extraordinaria, las diputadas y los diputados de la 65 Legislatura del Congreso local aprobaron los dict\u00e1menes de la Comisi\u00f3n Permanente de Gobierno y Asuntos Agrarios, mediante los cuales avalaron cambios al interior de los cabildos de 15 ayuntamientos de Oaxaca.<\/p>\n\n\n\n<p>Por lo cual, se declar\u00f3 procedente que la ciudadana Isabel Ram\u00edrez Garc\u00eda asuma el cargo de regidora de Educaci\u00f3n del ayuntamiento del municipio de San Ildefonso Sola, perteneciente al distrito de Sola de Vega, desde el d\u00eda de su designaci\u00f3n en sesi\u00f3n extraordinaria de Cabildo y hasta el 31 de diciembre de 2025; derivado de la renuncia voluntaria de la ciudadana Deysy Anabel Gonz\u00e1lez Castillo.<\/p>\n\n\n\n<p>En el caso del municipio de Guadalupe de Ram\u00edrez, del distrito de Silacayo\u00e1pam, la LXV Legislatura local aprob\u00f3 que la ciudadana Sandra Guadalupe L\u00f3pez Bonola ocupe el cargo de regidora de Salud, hasta el 31 de diciembre de 2024, ante la renuncia voluntaria de Aidee Baz\u00e1n Herrera.<\/p>\n\n\n\n<p>Por otra parte, en Mat\u00edas Romero Avenda\u00f1o, la presidenta municipal constitucional, Obdulia Garc\u00eda L\u00f3pez, solicit\u00f3 licencia a su cargo por 121 d\u00edas naturales, por lo que el Pleno declar\u00f3 procedente que la suplente Alejandra Sarah\u00ed Ventura Garc\u00eda ocupe el puesto por dicho per\u00edodo.<\/p>\n\n\n\n<p>De igual manera, el Congreso del Estado aval\u00f3 que el ciudadano Jes\u00fas Arellanes Avenda\u00f1o asuma el cargo de presidente municipal del ayuntamiento de Miahuatl\u00e1n de Porfirio D\u00edaz, por un periodo de 123 d\u00edas naturales el cual concluye el 19 de agosto de 2024. Esto, debido a la solicitud de licencia presentada por el edil propietario, Jos\u00e9 Alberto Mart\u00ednez Luna.<\/p>\n\n\n\n<p>Asimismo, valid\u00f3 el cambio de titularidad de las concejal\u00edas propietarias aprobado por acuerdo de Cabildo, para que Juan Reyes asuma el cargo de regidor de Hacienda, y Santiago Cruz L\u00f3pez el de regidor de Salud, del municipio de San Jos\u00e9 Lachiguir\u00ed, Miahuatl\u00e1n, surtiendo sus efectos a partir de su designaci\u00f3n en sesi\u00f3n extraordinaria del ayuntamiento y hasta el 31 de diciembre de 2025.<\/p>\n\n\n\n<p>En tanto, con base en el acuerdo de asamblea general comunitaria extraordinaria de San Pablo Tijaltepec celebrada el 2 de enero de este a\u00f1o, validada por el Consejo General del Instituto Estatal Electoral y de Participaci\u00f3n Ciudadana de Oaxaca (IEEPCO) el 3 de mayo de 2024, la LXV Legislatura local declar\u00f3 la terminaci\u00f3n anticipada de mandato de las concejal\u00edas propietarias de las regidur\u00edas de Hacienda, Educaci\u00f3n y de Obras de dicho municipio, a cargo de los ciudadanos Catarino Garc\u00eda Cruz, Celina Bautista Garc\u00eda y F\u00e9lix Bautista V\u00e1squez.<\/p>\n\n\n\n<p>Tambi\u00e9n, declar\u00f3 procedente que el ciudadano Fernando Ram\u00edrez Reyes asuma el cargo de regidor de Hacienda, y la ciudadana Isabel Reyes Feria el de regidora de Educaci\u00f3n del ayuntamiento de San Pedro M\u00e1rtir Yucuxaco, Tlaxiaco, hasta el 31 de diciembre de 2025, ante la renuncia voluntaria por causas justificadas de Pedro Ram\u00edrez Sanjuan y Mar\u00eda Eugenia Santos Reyes a dichos puestos.<\/p>\n\n\n\n<p>Respecto al ayuntamiento de Ayotzintepec, Tuxtepec, se inform\u00f3 del fallecimiento del presidente municipal Ismael Mar\u00edn Cervantes, por lo que el Pleno aval\u00f3 que el ciudadano Apolinar Mendoza Santiago asuma dicho cargo, desde el d\u00eda de su designaci\u00f3n en sesi\u00f3n de Cabildo y hasta el 31 de diciembre de 2024.<\/p>\n\n\n\n<p>Los dem\u00e1s cambios aprobados son de los ayuntamientos de San Francisco Telixtlahuaca, San Pedro Huamelula, San Lucas Ojitl\u00e1n, Santa Cruz Xoxocotl\u00e1n, San Agust\u00edn Amatengo, Miahuatl\u00e1n de Porfirio D\u00edaz, Villa Sola de Vega y Tuxtepec.<\/p>\n\n\n\n<p>Dichos decretos surtieron efectos desde el 13 de junio de 2024, d\u00eda en que el Pleno de la LXV Legislatura local los aprob\u00f3 en sesi\u00f3n extraordinaria.<\/p>\n","protected":false},"excerpt":{"rendered":"<p>Redacci\u00f3n\/Zona Roja. Oaxaca de Ju\u00e1rez, Oax., 18 de junio de 2024.- En sesi\u00f3n extraordinaria, las&hellip;<\/p>\n","protected":false},"author":2,"featured_media":66083,"comment_status":"closed","ping_status":"open","sticky":false,"template":"","format":"standard","meta":{"_lmt_disableupdate":"","_lmt_disable":"","_jetpack_memberships_contains_paid_content":false,"footnotes":""},"categories":[109,46],"tags":[2743],"class_list":["post-69541","post","type-post","status-publish","format-standard","has-post-thumbnail","hentry","category-minuto-a-minuto","category-zona-blanca","tag-65-legislatura-del-estado-de-oaxaca"],"jetpack_featured_media_url":"https:\/\/zonaroja.com.mx\/wp-content\/uploads\/2024\/03\/Congreso-reforma-ley-para-que-mujeres-tengan-permiso-laboral-por-dismenorrea.jpeg","jetpack_sharing_enabled":true,"_links":{"self":[{"href":"https:\/\/zonaroja.com.mx\/index.php?rest_route=\/wp\/v2\/posts\/69541","targetHints":{"allow":["GET"]}}],"collection":[{"href":"https:\/\/zonaroja.com.mx\/index.php?rest_route=\/wp\/v2\/posts"}],"about":[{"href":"https:\/\/zonaroja.com.mx\/index.php?rest_route=\/wp\/v2\/types\/post"}],"author":[{"embeddable":true,"href":"https:\/\/zonaroja.com.mx\/index.php?rest_route=\/wp\/v2\/users\/2"}],"replies":[{"embeddable":true,"href":"https:\/\/zonaroja.com.mx\/index.php?rest_route=%2Fwp%2Fv2%2Fcomments&post=69541"}],"version-history":[{"count":1,"href":"https:\/\/zonaroja.com.mx\/index.php?rest_route=\/wp\/v2\/posts\/69541\/revisions"}],"predecessor-version":[{"id":69542,"href":"https:\/\/zonaroja.com.mx\/index.php?rest_route=\/wp\/v2\/posts\/69541\/revisions\/69542"}],"wp:featuredmedia":[{"embeddable":true,"href":"https:\/\/zonaroja.com.mx\/index.php?rest_route=\/wp\/v2\/media\/66083"}],"wp:attachment":[{"href":"https:\/\/zonaroja.com.mx\/index.php?rest_route=%2Fwp%2Fv2%2Fmedia&parent=69541"}],"wp:term":[{"taxonomy":"category","embeddable":true,"href":"https:\/\/zonaroja.com.mx\/index.php?rest_route=%2Fwp%2Fv2%2Fcategories&post=69541"},{"taxonomy":"post_tag","embeddable":true,"href":"https:\/\/zonaroja.com.mx\/index.php?rest_route=%2Fwp%2Fv2%2Ftags&post=69541"}],"curies":[{"name":"wp","href":"https:\/\/api.w.org\/{rel}","templated":true}]}}