{"id":69543,"date":"2024-06-18T18:42:24","date_gmt":"2024-06-19T00:42:24","guid":{"rendered":"https:\/\/zonaroja.com.mx\/?p=69543"},"modified":"2024-06-18T18:42:25","modified_gmt":"2024-06-19T00:42:25","slug":"actua-fiscalia-contra-presuntos-ladrones-y-probable-feminicida","status":"publish","type":"post","link":"https:\/\/zonaroja.com.mx\/?p=69543","title":{"rendered":"Act\u00faa Fiscal\u00eda contra presuntos ladrones y probable feminicida"},"content":{"rendered":"\n<p>Redacci\u00f3n\/Zona Roja.<\/p>\n\n\n\n<p>Oaxaca de Ju\u00e1rez, Oax., 18 de junio de 2024.- Derivado de los trabajos de inteligencia e investigaci\u00f3n efectuados por personal de la Fiscal\u00eda general del Estado de Oaxaca (FGEO), se ejecut\u00f3 una orden de aprehensi\u00f3n en contra de una persona del sexo masculino identificada como E.V.P., por el delito de robo espec\u00edfico equiparado en su modalidad de desmantelamiento de veh\u00edculos en el valle de Etla y a quien se investiga por v\u00ednculos con una banda delictiva dedicada al robo de veh\u00edculos y venta de autopartes en la capital oaxaque\u00f1a.<\/p>\n\n\n\n<p>De acuerdo con las denuncias asentadas en el expediente penal del caso, el 14 de marzo de 2024, personas ingresaron un veh\u00edculo de la marca Nissan tipo Versa a un inmueble ubicado en San Lorenzo Cacaotepec, Etla, lugar donde presumiblemente desmantelaban veh\u00edculos robados.<\/p>\n\n\n\n<p>Ante estos hechos, la Fiscal\u00eda de Oaxaca inici\u00f3 las investigaciones a trav\u00e9s de la Vicefiscal\u00eda de Valles Centrales, que dieron como resultado la detenci\u00f3n de E.V.P., quien fue puesto a disposici\u00f3n de la autoridad ministerial correspondiente para determinar su situaci\u00f3n jur\u00eddica.<\/p>\n\n\n\n<p>Estas acciones, forman parte del trabajo que realiza la Fiscal\u00eda de Oaxaca para combatir la comisi\u00f3n de delitos de Alto Impacto en los Valles Centrales, para garantizar la seguridad p\u00fablica a favor de la ciudadan\u00eda.<\/p>\n\n\n\n<p>LADR\u00d3N DE COPPEL<\/p>\n\n\n\n<p>En otro caso, la Fiscal\u00eda General obtuvo auto de vinculaci\u00f3n a proceso contra una persona del sexo masculino identificada como O.J.T., por el delito de Robo Calificado con Violencia cometido en perjuicio patrimonial de la tienda departamental Coppel S.A de C. V., en la regi\u00f3n de la Costa.<\/p>\n\n\n\n<p>De acuerdo con la causa penal el caso, el 25 de mayo de 2024, el imputado entr\u00f3 a la citada tienda departamental ubicada en la calle Adolfo L\u00f3pez Mateos de la colonia centro del municipio de San Pedro Pochutla y con un arma de fuego apunt\u00f3 y amenaz\u00f3 a las cajeras para despu\u00e9s despojarlas de forma violenta del dinero efectivo que hab\u00eda en las cajas de cobro.<\/p>\n\n\n\n<p>Ante estos hechos y despu\u00e9s de recibir la denuncia, la Fiscal\u00eda de Oaxaca -a trav\u00e9s de la Vicefiscal\u00eda Regional de la Costa- inici\u00f3 las investigaciones correspondientes que dieron como resultado la detenci\u00f3n de O.J.T., quien fue puesto a disposici\u00f3n de la autoridad ministerial correspondiente.<\/p>\n\n\n\n<p>En audiencia y tras evaluar los datos de prueba aportados por la FGEO, el Juez que atiende la causa dict\u00f3 auto de vinculaci\u00f3n a proceso e impuso la medida cautelar de prisi\u00f3n preventiva justificada por el delito de robo calificado con violencia, concediendo el plazo de un mes para el cierre de la investigaci\u00f3n complementaria.<\/p>\n\n\n\n<p>INTENTO DE FEMINICIDIO<\/p>\n\n\n\n<p>Asimismo, la Fiscal\u00eda de Oaxaca ejecut\u00f3 una orden de aprehensi\u00f3n contra una persona del sexo masculino identificado como D.G.H., por el delito de Feminicidio Agravado en grado de Tentativa, cometido en agravio de su abuela en la regi\u00f3n del Istmo de Tehuantepec.<\/p>\n\n\n\n<p>De acuerdo al expediente penal, la agresi\u00f3n ocurri\u00f3 el 2 de junio de 2024, cuando la v\u00edctima (adulta mayor) identificada como R.G.M., fue agredida en la cabeza con un arma contundente (martillo), caus\u00e1ndole lesiones de gravedad.<\/p>\n\n\n\n<p>Ante este hecho, la Instituci\u00f3n de procuraci\u00f3n de justicia intervino a trav\u00e9s de la Vicefiscal\u00eda Regional del Istmo, iniciando la investigaci\u00f3n correspondiente que permiti\u00f3 la ejecuci\u00f3n de una orden de aprehensi\u00f3n en contra de D.G.H., quien fue puesto a disposici\u00f3n de la autoridad judicial que lo requiri\u00f3.<\/p>\n","protected":false},"excerpt":{"rendered":"<p>Redacci\u00f3n\/Zona Roja. Oaxaca de Ju\u00e1rez, Oax., 18 de junio de 2024.- Derivado de los trabajos&hellip;<\/p>\n","protected":false},"author":2,"featured_media":69544,"comment_status":"closed","ping_status":"open","sticky":false,"template":"","format":"standard","meta":{"_lmt_disableupdate":"","_lmt_disable":"","_jetpack_memberships_contains_paid_content":false,"footnotes":""},"categories":[109,46],"tags":[494],"class_list":["post-69543","post","type-post","status-publish","format-standard","has-post-thumbnail","hentry","category-minuto-a-minuto","category-zona-blanca","tag-fiscalia-general-del-estado-de-oaxaca"],"jetpack_featured_media_url":"https:\/\/zonaroja.com.mx\/wp-content\/uploads\/2024\/06\/Detenidos-Fiscalia-Oaxaca.jpg","jetpack_sharing_enabled":true,"_links":{"self":[{"href":"https:\/\/zonaroja.com.mx\/index.php?rest_route=\/wp\/v2\/posts\/69543","targetHints":{"allow":["GET"]}}],"collection":[{"href":"https:\/\/zonaroja.com.mx\/index.php?rest_route=\/wp\/v2\/posts"}],"about":[{"href":"https:\/\/zonaroja.com.mx\/index.php?rest_route=\/wp\/v2\/types\/post"}],"author":[{"embeddable":true,"href":"https:\/\/zonaroja.com.mx\/index.php?rest_route=\/wp\/v2\/users\/2"}],"replies":[{"embeddable":true,"href":"https:\/\/zonaroja.com.mx\/index.php?rest_route=%2Fwp%2Fv2%2Fcomments&post=69543"}],"version-history":[{"count":1,"href":"https:\/\/zonaroja.com.mx\/index.php?rest_route=\/wp\/v2\/posts\/69543\/revisions"}],"predecessor-version":[{"id":69545,"href":"https:\/\/zonaroja.com.mx\/index.php?rest_route=\/wp\/v2\/posts\/69543\/revisions\/69545"}],"wp:featuredmedia":[{"embeddable":true,"href":"https:\/\/zonaroja.com.mx\/index.php?rest_route=\/wp\/v2\/media\/69544"}],"wp:attachment":[{"href":"https:\/\/zonaroja.com.mx\/index.php?rest_route=%2Fwp%2Fv2%2Fmedia&parent=69543"}],"wp:term":[{"taxonomy":"category","embeddable":true,"href":"https:\/\/zonaroja.com.mx\/index.php?rest_route=%2Fwp%2Fv2%2Fcategories&post=69543"},{"taxonomy":"post_tag","embeddable":true,"href":"https:\/\/zonaroja.com.mx\/index.php?rest_route=%2Fwp%2Fv2%2Ftags&post=69543"}],"curies":[{"name":"wp","href":"https:\/\/api.w.org\/{rel}","templated":true}]}}