{"id":69546,"date":"2024-06-18T20:15:08","date_gmt":"2024-06-19T02:15:08","guid":{"rendered":"https:\/\/zonaroja.com.mx\/?p=69546"},"modified":"2024-06-18T20:15:11","modified_gmt":"2024-06-19T02:15:11","slug":"cumple-edil-de-oaxaca-un-mes-retenido-y-nadie-hace-algo-por-rescatarlo","status":"publish","type":"post","link":"https:\/\/zonaroja.com.mx\/?p=69546","title":{"rendered":"Cumple edil de Oaxaca un mes retenido y nadie hace algo por rescatarlo"},"content":{"rendered":"\n<p>Ismael Garc\u00eda M.\/Zona Roja.<\/p>\n\n\n\n<p>Oaxaca de Ju\u00e1rez, Oax., a 18 de junio de 2024.- A un mes de la retenci\u00f3n del presidente municipal de La Reforma, Putla, ninguna autoridad estatal hace algo para rescatarlo; su vida corre peligro, al tener una afecci\u00f3n cardiaca, por lo que requiere atenci\u00f3n m\u00e9dica urgente.<\/p>\n\n\n\n<p>As\u00ed lo denunciaron hoy Roc\u00edo Julia Ignacio V\u00e1squez e Itzel Roc\u00edo Guzm\u00e1n Ignacio, esposa e hija del edil Cipriano Arturo Guzm\u00e1n Boh\u00f3rquez, durante una conferencia de prensa en la capital de Oaxaca, con el apoyo del Centro de Derechos Humanos y Asesor\u00eda a Pueblos Ind\u00edgenas, que preside Maurilio Santiago Reyes.<\/p>\n\n\n\n<p>Fue el s\u00e1bado 18 de mayo del 2024, cuando con violencia, un grupo de pobladores de las comunidades de Estanzuela y R\u00edo Tigre, identificados con el Movimiento de Unificaci\u00f3n y Lucha Triqui (MULT), pr\u00e1cticamente secuestraron al mun\u00edcipe y se lo llevaron, para presionarlo a que les entregue las participaciones municipales correspondientes.<\/p>\n\n\n\n<p>Seg\u00fan narraron, el grupo portaba armas de grueso calibre y era dirigido por el agente de Estanzuela, Pedro Herrera P\u00e9rez; se llevaron adem\u00e1s a otras tres personas, Victoriano&nbsp; Alfaro Caballero,&nbsp; Antonio El\u00edas M\u00e9ndez Sarmiento y Florentino Ortiz Heras.<\/p>\n\n\n\n<p>\u201cA pesar de que el d\u00eda de hoy se cumple un mes de dicha privaci\u00f3n ilegal de la libertad, no se ha cumplido con la Medida cautelar de la Defensor\u00eda de Derecho Humanos del Pueblo de Oaxaca a favor de cuatro personas\u201d, denunciaron.<\/p>\n\n\n\n<p>Expusieron que con fecha 30 de mayo del 2024, en el expediente DDHPO\/031\/TX\/(18)\/OAX\/2024 la Defensor\u00eda emiti\u00f3 la medida cautelar 12\/24 solicitando en especial a la Secretar\u00eda de Salud se env\u00ede personal m\u00e9dico y de enfermer\u00eda para proporcionar atenci\u00f3n m\u00e9dica al presidente municipal retenido.<\/p>\n\n\n\n<p>Lamentaron asimismo las declaraciones del secretario de Gobierno, Jes\u00fas Romero L\u00f3pez, quien dijo el pasado 12 de junio que se iba a iniciar un procedimiento de desaparici\u00f3n de poderes, pero no hay ning\u00fan argumento para ello.<\/p>\n\n\n\n<p>Los familiares solicitaron tambi\u00e9n que se judicialice la carpeta de investigaci\u00f3n n\u00famero 15710\/FMIX\/PUTLA\/2024 integrada por la Fiscal\u00eda General del Estado de Oaxaca,&nbsp; en contra de quien o quienes resulten responsables por la privaci\u00f3n ilegal de la libertad del presidente municipal y tres personas m\u00e1s de La Reforma, Putla de Guerrero, Oaxaca, que se encuentran retenidos desde hace un mes.<\/p>\n\n\n\n<p>Pidieron la intervenci\u00f3n urgente del gobernador Salom\u00f3n Jara Cruz, quien ha asegurado que conoce a la v\u00edctima de privaci\u00f3n ilegal de la libertad y en ocasiones anteriores dijo que intervendr\u00eda para rescatar a las personas secuestradas o retenidas.<\/p>\n\n\n\n<figure class=\"wp-block-embed is-type-rich is-provider-twitter wp-block-embed-twitter\"><div class=\"wp-block-embed__wrapper\">\n<div class=\"twitter-tweet\"><blockquote class=\"twitter-tweet\" data-lang=\"es\"><p lang=\"es\" dir=\"ltr\"><a href=\"https:\/\/twitter.com\/hashtag\/%C3%9AltimoMinuto?src=hash&amp;ref_src=twsrc%5Etfw\">#\u00daltimoMinuto<\/a><br>\u00a1Un mes retenidos\/secuestrados! <br><br>La familia del presidente Municipal de La Reforma, Putla, Cipriano Arturo Guzm\u00e1n Boh\u00f3rquez, exige su liberaci\u00f3n inmediata e intervenci\u00f3n del <a href=\"https:\/\/twitter.com\/GobOax?ref_src=twsrc%5Etfw\">@GobOax<\/a>.<br><br>La esposa, Roc\u00edo Ignacio V\u00e1squez, y la hija Itzel Guzm\u00e1n est\u00e1n en la ciudad de\u2026 <a href=\"https:\/\/t.co\/SUVuULSGTS\">pic.twitter.com\/SUVuULSGTS<\/a><\/p>&mdash; Zona Roja Oaxaca (@ZonaRoja_Oaxaca) <a href=\"https:\/\/twitter.com\/ZonaRoja_Oaxaca\/status\/1803115420821446839?ref_src=twsrc%5Etfw\">18 de junio de 2024<\/a><\/blockquote><\/div>\n<\/div><\/figure>\n","protected":false},"excerpt":{"rendered":"<p>Ismael Garc\u00eda M.\/Zona Roja. Oaxaca de Ju\u00e1rez, Oax., a 18 de junio de 2024.- A&hellip;<\/p>\n","protected":false},"author":2,"featured_media":69547,"comment_status":"closed","ping_status":"open","sticky":false,"template":"","format":"standard","meta":{"_lmt_disableupdate":"","_lmt_disable":"","_jetpack_memberships_contains_paid_content":false,"footnotes":""},"categories":[109,47],"tags":[3287],"class_list":["post-69546","post","type-post","status-publish","format-standard","has-post-thumbnail","hentry","category-minuto-a-minuto","category-zona-gris","tag-la-reforma"],"jetpack_featured_media_url":"https:\/\/zonaroja.com.mx\/wp-content\/uploads\/2024\/06\/Familiares-de-edil-La-Reforma-retenido-hace-un-mes.jpg","jetpack_sharing_enabled":true,"_links":{"self":[{"href":"https:\/\/zonaroja.com.mx\/index.php?rest_route=\/wp\/v2\/posts\/69546","targetHints":{"allow":["GET"]}}],"collection":[{"href":"https:\/\/zonaroja.com.mx\/index.php?rest_route=\/wp\/v2\/posts"}],"about":[{"href":"https:\/\/zonaroja.com.mx\/index.php?rest_route=\/wp\/v2\/types\/post"}],"author":[{"embeddable":true,"href":"https:\/\/zonaroja.com.mx\/index.php?rest_route=\/wp\/v2\/users\/2"}],"replies":[{"embeddable":true,"href":"https:\/\/zonaroja.com.mx\/index.php?rest_route=%2Fwp%2Fv2%2Fcomments&post=69546"}],"version-history":[{"count":1,"href":"https:\/\/zonaroja.com.mx\/index.php?rest_route=\/wp\/v2\/posts\/69546\/revisions"}],"predecessor-version":[{"id":69548,"href":"https:\/\/zonaroja.com.mx\/index.php?rest_route=\/wp\/v2\/posts\/69546\/revisions\/69548"}],"wp:featuredmedia":[{"embeddable":true,"href":"https:\/\/zonaroja.com.mx\/index.php?rest_route=\/wp\/v2\/media\/69547"}],"wp:attachment":[{"href":"https:\/\/zonaroja.com.mx\/index.php?rest_route=%2Fwp%2Fv2%2Fmedia&parent=69546"}],"wp:term":[{"taxonomy":"category","embeddable":true,"href":"https:\/\/zonaroja.com.mx\/index.php?rest_route=%2Fwp%2Fv2%2Fcategories&post=69546"},{"taxonomy":"post_tag","embeddable":true,"href":"https:\/\/zonaroja.com.mx\/index.php?rest_route=%2Fwp%2Fv2%2Ftags&post=69546"}],"curies":[{"name":"wp","href":"https:\/\/api.w.org\/{rel}","templated":true}]}}