{"id":69555,"date":"2024-06-19T08:30:00","date_gmt":"2024-06-19T14:30:00","guid":{"rendered":"https:\/\/zonaroja.com.mx\/?p=69555"},"modified":"2024-06-19T06:57:09","modified_gmt":"2024-06-19T12:57:09","slug":"destina-gobierno-mas-de-400-mdp-para-mi-primera-chamba","status":"publish","type":"post","link":"https:\/\/zonaroja.com.mx\/?p=69555","title":{"rendered":"Destina gobierno m\u00e1s de 400 mdp para \u201cMi Primera Chamba\u201d"},"content":{"rendered":"\n<p>Redacci\u00f3n\/Zona Roja.&nbsp;<\/p>\n\n\n\n<p>Oaxaca de Ju\u00e1rez, Oax., a 19 de junio de 2024.- M\u00e1s de 400 millones de pesos destina este a\u00f1o el gobierno de Oaxaca para el programa \u201cMi Primera Chamba\u201d, con el cual se prev\u00e9 beneficiar, en una primera etapa, a m\u00e1s de cuatro mil j\u00f3venes egresados de instituciones de educaci\u00f3n superior, con siete mil 600 pesos mensuales.<\/p>\n\n\n\n<p>Ayer, el titular del Poder Ejecutivo, Salom\u00f3n Jara Cruz, encabez\u00f3 un conversatorio con personas beneficiarias y entreg\u00f3 tarjetas para respaldar a las juventudes en la pr\u00e1ctica laboral.<\/p>\n\n\n\n<p>En el complejo deportivo \u201cHermanos Flores Mag\u00f3n\u201d, el mandatario estatal anunci\u00f3 que esta pol\u00edtica p\u00fablica consta de una inversi\u00f3n de 400 millones de pesos, con la finalidad de contribuir a la reparaci\u00f3n de la deuda hist\u00f3rica que tiene el gobierno con este sector y los pueblos de la entidad.<\/p>\n\n\n\n<p>Jara Cruz indic\u00f3 que la \u201cPrimavera Oaxaque\u00f1a\u201d lleva a cabo este programa para que las y los j\u00f3venes egresados de distintas carreras tengan un incentivo econ\u00f3mico y generen experiencia laboral tanto en el sector p\u00fablico como privado.<\/p>\n\n\n\n<p>Dijo que con el Corredor Interoce\u00e1nico del Istmo de Tehuantepec (CIIT) y los Polos de Desarrollo Bienestar (Podebis) del Gobierno de M\u00e9xico, las juventudes tendr\u00e1n la oportunidad de ingresar al campo laboral en empresas que realizan inversionistas extranjeros y requieren de mano de obra calificada.<\/p>\n\n\n\n<p>En su oportunidad Mar\u00eda Alejandra Santiago Garc\u00eda, ingeniera en Sistemas Computacionales; William Fernando Valencia Hern\u00e1ndez, licenciado en Pedagog\u00eda y Virginia Torres L\u00f3pez, ingeniera Agr\u00f3noma, beneficiadas del programa, expusieron sus experiencias laborales adquiridas en distintas Unidades Receptoras y agradecer la oportunidad obtenida mediante esta acci\u00f3n de gobierno.<\/p>\n\n\n\n<p>A su vez, el subsecretario de Pol\u00edtica Social para el Bienestar de la Secretar\u00eda de Bienestar, Tequio e Inclusi\u00f3n, Diego Mois\u00e9s P\u00e9rez de la Cruz, explic\u00f3 que en una primera etapa se benefician a 4 mil 166 j\u00f3venes con un incentivo de siete mil 600 pesos mensuales para que logren una experiencia laboral y puedan titularse.<\/p>\n\n\n\n<p>Anunci\u00f3 que el pr\u00f3ximo lunes 24 de junio se abrir\u00e1 la plataforma https:\/\/miprimerachamba.oaxaca.gob.mx\/#\/ para nuevas inscripciones a este programa que vincula a las y los j\u00f3venes de 18 a 29 a\u00f1os con unidades receptoras para adquirir experiencia profesional.<\/p>\n\n\n\n<figure class=\"wp-block-image size-full\"><img decoding=\"async\" width=\"800\" height=\"533\" src=\"https:\/\/zonaroja.com.mx\/wp-content\/uploads\/2024\/06\/GOBERNADOR-ENCUENTRO-PROCURADURIAS-MUNICIPALES-2.jpg\" alt=\"\" class=\"wp-image-69557\" srcset=\"https:\/\/zonaroja.com.mx\/wp-content\/uploads\/2024\/06\/GOBERNADOR-ENCUENTRO-PROCURADURIAS-MUNICIPALES-2.jpg 800w, https:\/\/zonaroja.com.mx\/wp-content\/uploads\/2024\/06\/GOBERNADOR-ENCUENTRO-PROCURADURIAS-MUNICIPALES-2-300x200.jpg 300w, https:\/\/zonaroja.com.mx\/wp-content\/uploads\/2024\/06\/GOBERNADOR-ENCUENTRO-PROCURADURIAS-MUNICIPALES-2-768x512.jpg 768w, https:\/\/zonaroja.com.mx\/wp-content\/uploads\/2024\/06\/GOBERNADOR-ENCUENTRO-PROCURADURIAS-MUNICIPALES-2-585x390.jpg 585w, https:\/\/zonaroja.com.mx\/wp-content\/uploads\/2024\/06\/GOBERNADOR-ENCUENTRO-PROCURADURIAS-MUNICIPALES-2-263x175.jpg 263w\" sizes=\"(max-width: 800px) 100vw, 800px\" \/><\/figure>\n\n\n\n<p>COMPROMISO CON NI\u00d1EZ<\/p>\n\n\n\n<p>En otro acto, el Gobernador del Estado, Salom\u00f3n Jara Cruz, refrend\u00f3 su compromiso con la ni\u00f1ez y adolescencia oaxaque\u00f1a, para mantener su desarrollo integral en el centro del debate p\u00fablico.<\/p>\n\n\n\n<p>Al inaugurar, junto a la presidenta honoraria del Sistema DIF Oaxaca, Irma Bola\u00f1os Quijano, el Primer Encuentro de Procuradur\u00edas Municipales de Protecci\u00f3n de los Derechos de Ni\u00f1as, Ni\u00f1os y Adolescentes, el Ejecutivo expres\u00f3 que desde el inicio, su gobierno ha favorecido la acci\u00f3n coordinada con el gobierno federal y municipios para la creaci\u00f3n de mecanismos que permitan ampliar la atenci\u00f3n integral de la ni\u00f1ez y adolescencia en la entidad.<\/p>\n\n\n\n<p>Destac\u00f3 que la transformaci\u00f3n que vive Oaxaca se consolida por el quehacer de los derechos humanos, que es el eje que gu\u00eda la convivencia social y asegura el bienestar de las comunidades y los pueblos.&nbsp;<\/p>\n\n\n\n<p>En este encuentro que cont\u00f3 con la presencia de procuradoras y procuradores municipales y estatales del pa\u00eds, as\u00ed como del c\u00f3nsul general de la Embajada de Estados Unidos en M\u00e9xico, Scott Renner, Jara Cruz tom\u00f3 protesta a integrantes que conformar\u00e1n las procuradur\u00edas en San Juan \u00d1um\u00ed, San Juan Guelav\u00eda, San Francisco Ixhuat\u00e1n y Santa Mar\u00eda Colotepec, los primeros municipios que se rigen por sistemas normativos internos, a quienes convoc\u00f3 a integrar un gran frente para la salvaguarda de los derechos de la ni\u00f1ez y adolescencia.<\/p>\n\n\n\n<p>El Primer Encuentro de Procuradur\u00edas Municipales de Protecci\u00f3n de los Derechos de Ni\u00f1as, Ni\u00f1os y Adolescentes se llev\u00f3 a cabo con la finalidad de que exista una proximidad operativa a la sociedad y en especial a estos sectores, para operar con perspectiva de infancia, con personal capacitado para defender, garantizar y restituir los derechos de ni\u00f1as, ni\u00f1os y adolescentes de forma efectiva, inmediata y bajo un enfoque de derechos humanos.<\/p>\n","protected":false},"excerpt":{"rendered":"<p>Redacci\u00f3n\/Zona Roja.&nbsp; Oaxaca de Ju\u00e1rez, Oax., a 19 de junio de 2024.- M\u00e1s de 400&hellip;<\/p>\n","protected":false},"author":2,"featured_media":69556,"comment_status":"closed","ping_status":"open","sticky":false,"template":"","format":"standard","meta":{"_lmt_disableupdate":"","_lmt_disable":"","_jetpack_memberships_contains_paid_content":false,"footnotes":""},"categories":[109,46],"tags":[939],"class_list":["post-69555","post","type-post","status-publish","format-standard","has-post-thumbnail","hentry","category-minuto-a-minuto","category-zona-blanca","tag-salomon-jara-cruz"],"jetpack_featured_media_url":"https:\/\/zonaroja.com.mx\/wp-content\/uploads\/2024\/06\/GOBERNADOR-Invierten-en-Oaxaca-mas-de-400-mdp-para-Mi-Primera-Chamba-6.jpg","jetpack_sharing_enabled":true,"_links":{"self":[{"href":"https:\/\/zonaroja.com.mx\/index.php?rest_route=\/wp\/v2\/posts\/69555","targetHints":{"allow":["GET"]}}],"collection":[{"href":"https:\/\/zonaroja.com.mx\/index.php?rest_route=\/wp\/v2\/posts"}],"about":[{"href":"https:\/\/zonaroja.com.mx\/index.php?rest_route=\/wp\/v2\/types\/post"}],"author":[{"embeddable":true,"href":"https:\/\/zonaroja.com.mx\/index.php?rest_route=\/wp\/v2\/users\/2"}],"replies":[{"embeddable":true,"href":"https:\/\/zonaroja.com.mx\/index.php?rest_route=%2Fwp%2Fv2%2Fcomments&post=69555"}],"version-history":[{"count":1,"href":"https:\/\/zonaroja.com.mx\/index.php?rest_route=\/wp\/v2\/posts\/69555\/revisions"}],"predecessor-version":[{"id":69558,"href":"https:\/\/zonaroja.com.mx\/index.php?rest_route=\/wp\/v2\/posts\/69555\/revisions\/69558"}],"wp:featuredmedia":[{"embeddable":true,"href":"https:\/\/zonaroja.com.mx\/index.php?rest_route=\/wp\/v2\/media\/69556"}],"wp:attachment":[{"href":"https:\/\/zonaroja.com.mx\/index.php?rest_route=%2Fwp%2Fv2%2Fmedia&parent=69555"}],"wp:term":[{"taxonomy":"category","embeddable":true,"href":"https:\/\/zonaroja.com.mx\/index.php?rest_route=%2Fwp%2Fv2%2Fcategories&post=69555"},{"taxonomy":"post_tag","embeddable":true,"href":"https:\/\/zonaroja.com.mx\/index.php?rest_route=%2Fwp%2Fv2%2Ftags&post=69555"}],"curies":[{"name":"wp","href":"https:\/\/api.w.org\/{rel}","templated":true}]}}