{"id":69559,"date":"2024-06-19T09:30:00","date_gmt":"2024-06-19T15:30:00","guid":{"rendered":"https:\/\/zonaroja.com.mx\/?p=69559"},"modified":"2024-06-19T07:18:42","modified_gmt":"2024-06-19T13:18:42","slug":"detienen-en-oaxaca-a-profesor-por-tomar-fotos-a-ninas-debajo-de-la-falda","status":"publish","type":"post","link":"https:\/\/zonaroja.com.mx\/?p=69559","title":{"rendered":"Detienen en Oaxaca a profesor por tomar fotos a ni\u00f1as debajo de la falda"},"content":{"rendered":"\n<p>Raymundo Morales\/Zona Roja.<\/p>\n\n\n\n<p>Oaxaca de Ju\u00e1rez, Oax., a 19 de junio de 2024.- Un profesor de primaria fue detenido el lunes en la ciudad de Oaxaca acusado de tomar fotograf\u00edas debajo de las faldas de las ni\u00f1as, confirm\u00f3 la polic\u00eda municipal capitalina.<\/p>\n\n\n\n<p>En un comunicado, indic\u00f3 que la persona detenida es se\u00f1alada como presunta responsable de delitos contra la intimidad sexual, la cual qued\u00f3 a disposici\u00f3n de la autoridad ministerial.<\/p>\n\n\n\n<p>Fue el lunes a las 13:30 horas en que los uniformados de la Secretar\u00eda de Seguridad Ciudadana, Movilidad y Protecci\u00f3n Civil, acudieron a la escuela \u201cPaul Percy Harris\u201d, ubicada en la calle Zafiro, de la colonia Bugambilias, Santa Rosa Panzacola.<\/p>\n\n\n\n<p>Los polic\u00edas se movilizaron al lugar ante el reporte de C-4, por lo cual llegaron a la direcci\u00f3n de la escuela, donde se entrevistaron con el director y tres madres de familia.<\/p>\n\n\n\n<p>\u201cLa madres indicaron que sus hijas, todas de 10 a\u00f1os de edad, les manifestaron que momentos antes, cuando recib\u00edan su clase de computaci\u00f3n, su maestro presuntamente les tom\u00f3 fotograf\u00edas, con su tel\u00e9fono celular, por debajo de su falta.<\/p>\n\n\n\n<p>\u201cDebido a ello, las tres menores acudieron a la direcci\u00f3n, donde solicitaron la presencia de sus padres.<\/p>\n\n\n\n<p>\u201cLas mam\u00e1s de las ofendidas solicitaron la detenci\u00f3n del presunto responsable, quien fue detenido en ese mismo lugar y dijo llamarse R. E. G. G. (Rodolfo Enrique), de 48 a\u00f1os de edad, a quien le fue asegurado un tel\u00e9fono celular marca Samsung, con el que presuntamente cometi\u00f3 el il\u00edcito\u201d, detall\u00f3 en el comunicado.<\/p>\n","protected":false},"excerpt":{"rendered":"<p>Raymundo Morales\/Zona Roja. Oaxaca de Ju\u00e1rez, Oax., a 19 de junio de 2024.- Un profesor&hellip;<\/p>\n","protected":false},"author":2,"featured_media":69560,"comment_status":"closed","ping_status":"open","sticky":false,"template":"","format":"standard","meta":{"_lmt_disableupdate":"","_lmt_disable":"","_jetpack_memberships_contains_paid_content":false,"footnotes":""},"categories":[109,46],"tags":[148],"class_list":["post-69559","post","type-post","status-publish","format-standard","has-post-thumbnail","hentry","category-minuto-a-minuto","category-zona-blanca","tag-oaxaca-de-juarez"],"jetpack_featured_media_url":"https:\/\/zonaroja.com.mx\/wp-content\/uploads\/2024\/06\/Profesor-detenido-Santa-Rosa-Oaxaca.jpg","jetpack_sharing_enabled":true,"_links":{"self":[{"href":"https:\/\/zonaroja.com.mx\/index.php?rest_route=\/wp\/v2\/posts\/69559","targetHints":{"allow":["GET"]}}],"collection":[{"href":"https:\/\/zonaroja.com.mx\/index.php?rest_route=\/wp\/v2\/posts"}],"about":[{"href":"https:\/\/zonaroja.com.mx\/index.php?rest_route=\/wp\/v2\/types\/post"}],"author":[{"embeddable":true,"href":"https:\/\/zonaroja.com.mx\/index.php?rest_route=\/wp\/v2\/users\/2"}],"replies":[{"embeddable":true,"href":"https:\/\/zonaroja.com.mx\/index.php?rest_route=%2Fwp%2Fv2%2Fcomments&post=69559"}],"version-history":[{"count":1,"href":"https:\/\/zonaroja.com.mx\/index.php?rest_route=\/wp\/v2\/posts\/69559\/revisions"}],"predecessor-version":[{"id":69561,"href":"https:\/\/zonaroja.com.mx\/index.php?rest_route=\/wp\/v2\/posts\/69559\/revisions\/69561"}],"wp:featuredmedia":[{"embeddable":true,"href":"https:\/\/zonaroja.com.mx\/index.php?rest_route=\/wp\/v2\/media\/69560"}],"wp:attachment":[{"href":"https:\/\/zonaroja.com.mx\/index.php?rest_route=%2Fwp%2Fv2%2Fmedia&parent=69559"}],"wp:term":[{"taxonomy":"category","embeddable":true,"href":"https:\/\/zonaroja.com.mx\/index.php?rest_route=%2Fwp%2Fv2%2Fcategories&post=69559"},{"taxonomy":"post_tag","embeddable":true,"href":"https:\/\/zonaroja.com.mx\/index.php?rest_route=%2Fwp%2Fv2%2Ftags&post=69559"}],"curies":[{"name":"wp","href":"https:\/\/api.w.org\/{rel}","templated":true}]}}