{"id":69565,"date":"2024-06-19T11:25:00","date_gmt":"2024-06-19T17:25:00","guid":{"rendered":"https:\/\/zonaroja.com.mx\/?p=69565"},"modified":"2024-06-19T07:47:53","modified_gmt":"2024-06-19T13:47:53","slug":"van-por-rescate-y-reforestacion-de-la-ribera-del-rio-salado-en-oaxaca","status":"publish","type":"post","link":"https:\/\/zonaroja.com.mx\/?p=69565","title":{"rendered":"Van por rescate y reforestaci\u00f3n de la ribera del r\u00edo \u201cSalado\u201d en Oaxaca"},"content":{"rendered":"\n<p>Redacci\u00f3n\/Zona Roja.<\/p>\n\n\n\n<p>Oaxaca de Ju\u00e1rez,Oax.,19 de junio de 2024.- El gobierno municipal de Oaxaca de Ju\u00e1rez promueve la reforestaci\u00f3n con especies nativas en la ribera del r\u00edo \u201cSalado\u201d, desde el puente de San Antonio de la Cal hasta el acceso hacia el fraccionamiento El Rosario de San Sebasti\u00e1n Tutla.<\/p>\n\n\n\n<p>Lo anterior en respuesta inmediata al problema de la acumulaci\u00f3n de residuos s\u00f3lidos urbanos en dicha zona, por lo cual adem\u00e1s se realizar\u00e1 una magna jornada de rescate y limpieza en conjunto con la ciudadan\u00eda.&nbsp;<\/p>\n\n\n\n<p>El presidente municipal, Francisco Mart\u00ednez Neri, con vocaci\u00f3n en temas ambientales, instruy\u00f3 a las Secretar\u00edas de Medio Ambiente y Cambio Clim\u00e1tico; de Seguridad Ciudadana, Movilidad y Protecci\u00f3n Civil y a la de Servicios Municipales para tomar acci\u00f3n en beneficio del h\u00e1bitat natural de la ribera del r\u00edo \u201cSalado\u201d.&nbsp;<\/p>\n\n\n\n<p>Para ello este pr\u00f3ximo 25 de junio, con la participaci\u00f3n de la ciudadan\u00eda y trabajadores del ayuntamiento, se retirar\u00e1 escombro y residuos s\u00f3lidos urbanos del lugar con el objetivo de&nbsp; recuperar el espacio, el paisaje y cuidar el medio ambiente.&nbsp;<\/p>\n\n\n\n<p>El \u00e1rea, que alguna vez fue conocida por su belleza natural y potencial para el esparcimiento social, ha estado afectada por personas que utilizaron la zona como basurero.<\/p>\n\n\n\n<p>Durante las \u00faltimas semanas tanto la Secretar\u00eda de Medio Ambiente y Cambio Clim\u00e1tico y la de Servicios Municipales han llevado a cabo acciones de limpieza&nbsp;<\/p>\n\n\n\n<p>El componente ambiental de esta intervenci\u00f3n incluye la siembra de 200 pochotes, \u00e1rboles nativos de la regi\u00f3n, en un esfuerzo por restaurar el h\u00e1bitat natural del r\u00edo.&nbsp;<\/p>\n\n\n\n<p>Se planifica una distancia estrat\u00e9gica de entre 12 y 15 metros entre cada \u00e1rbol para fomentar su crecimiento saludable. Adem\u00e1s, se resolvi\u00f3 el problema del cableado para asegurar que no interfiera con el desarrollo de los arb\u00f3reos a largo plazo.<\/p>\n\n\n\n<p>\u00abEs crucial actuar durante la \u00e9poca de lluvias y es muy importante la participaci\u00f3n de la ciudadan\u00eda en la reforestaci\u00f3n&nbsp; y as\u00ed contribuir a mejorar las adversidades del cambio clim\u00e1tico\u00bb, destac\u00f3 Elsa Ort\u00edz Rodr\u00edguez, Secretaria de Medio Ambiente y Cambio Clim\u00e1tico.&nbsp;<\/p>\n\n\n\n<p>Cabe destacar que, se instalar\u00e1n mamparas met\u00e1licas para desalentar la deposici\u00f3n ilegal de residuos, as\u00ed como tambi\u00e9n se insta a las y los vecinos a dar aviso a las autoridades correspondientes acerca de individuos que depositen basura all\u00ed con el fin de que estos sean sancionados.&nbsp;<\/p>\n\n\n\n<p>La Secretar\u00eda de Medio Ambiente y Cambio Clim\u00e1tico recomienda a las y los participantes sembrar y cuidar un \u00e1rbol como una medida personal, fomentando as\u00ed una conciencia ambiental sostenible entre la ciudadan\u00eda.<\/p>\n\n\n\n<p>La jornada de reforestaci\u00f3n est\u00e1 programada para el martes 25 de junio, comenzando a las 07:00 horas en el puente de San Antonio de la Cal. Las y los interesados deben llevar herramientas, ropa c\u00f3moda y calzado adecuado para participar en esta significativa acci\u00f3n ambiental.<\/p>\n","protected":false},"excerpt":{"rendered":"<p>Redacci\u00f3n\/Zona Roja. Oaxaca de Ju\u00e1rez,Oax.,19 de junio de 2024.- El gobierno municipal de Oaxaca de&hellip;<\/p>\n","protected":false},"author":2,"featured_media":69568,"comment_status":"closed","ping_status":"open","sticky":false,"template":"","format":"standard","meta":{"_lmt_disableupdate":"","_lmt_disable":"","_jetpack_memberships_contains_paid_content":false,"footnotes":""},"categories":[109,46],"tags":[148],"class_list":["post-69565","post","type-post","status-publish","format-standard","has-post-thumbnail","hentry","category-minuto-a-minuto","category-zona-blanca","tag-oaxaca-de-juarez"],"jetpack_featured_media_url":"https:\/\/zonaroja.com.mx\/wp-content\/uploads\/2024\/06\/Basurero-rio-Salado-Oaxaca.jpeg","jetpack_sharing_enabled":true,"_links":{"self":[{"href":"https:\/\/zonaroja.com.mx\/index.php?rest_route=\/wp\/v2\/posts\/69565","targetHints":{"allow":["GET"]}}],"collection":[{"href":"https:\/\/zonaroja.com.mx\/index.php?rest_route=\/wp\/v2\/posts"}],"about":[{"href":"https:\/\/zonaroja.com.mx\/index.php?rest_route=\/wp\/v2\/types\/post"}],"author":[{"embeddable":true,"href":"https:\/\/zonaroja.com.mx\/index.php?rest_route=\/wp\/v2\/users\/2"}],"replies":[{"embeddable":true,"href":"https:\/\/zonaroja.com.mx\/index.php?rest_route=%2Fwp%2Fv2%2Fcomments&post=69565"}],"version-history":[{"count":1,"href":"https:\/\/zonaroja.com.mx\/index.php?rest_route=\/wp\/v2\/posts\/69565\/revisions"}],"predecessor-version":[{"id":69569,"href":"https:\/\/zonaroja.com.mx\/index.php?rest_route=\/wp\/v2\/posts\/69565\/revisions\/69569"}],"wp:featuredmedia":[{"embeddable":true,"href":"https:\/\/zonaroja.com.mx\/index.php?rest_route=\/wp\/v2\/media\/69568"}],"wp:attachment":[{"href":"https:\/\/zonaroja.com.mx\/index.php?rest_route=%2Fwp%2Fv2%2Fmedia&parent=69565"}],"wp:term":[{"taxonomy":"category","embeddable":true,"href":"https:\/\/zonaroja.com.mx\/index.php?rest_route=%2Fwp%2Fv2%2Fcategories&post=69565"},{"taxonomy":"post_tag","embeddable":true,"href":"https:\/\/zonaroja.com.mx\/index.php?rest_route=%2Fwp%2Fv2%2Ftags&post=69565"}],"curies":[{"name":"wp","href":"https:\/\/api.w.org\/{rel}","templated":true}]}}