{"id":6957,"date":"2019-12-25T09:38:08","date_gmt":"2019-12-25T15:38:08","guid":{"rendered":"http:\/\/www.zonaroja.com.mx\/?p=6957"},"modified":"2019-12-25T07:41:08","modified_gmt":"2019-12-25T13:41:08","slug":"exhorta-congreso-a-regular-taxis-endurece-medidas-para-conseguir-licencia-de-conducir","status":"publish","type":"post","link":"https:\/\/zonaroja.com.mx\/?p=6957","title":{"rendered":"Exhorta Congreso a regular taxis; endurece medidas para conseguir licencia de conducir"},"content":{"rendered":"\n<p>Redacci\u00f3n\/Zona\nRoja.<\/p>\n\n\n\n<p>Oaxaca de\nJu\u00e1rez, Oax., 25 de diciembre de 2019.- El Congreso del Estado aprob\u00f3 exhortar\na las autoridades responsables del transporte p\u00fablico en la entidad para\nregular y sancionar anomal\u00edas cometidas por choferes y operadores de unidades\nque pongan en riesgo la vida de los usuarios.<\/p>\n\n\n\n<p>En un\nprimer punto de acuerdo avalado en reciente fecha, el Poder Legislativo\nsolicit\u00f3 a las autoridades estatales y municipales aplicar el reglamento\nvigente y sancionar malas pr\u00e1cticas, como el que los taxis lleven m\u00e1s de cinco\npasajeros, incluido el conductor, cuando presten el servicio p\u00fablico.<\/p>\n\n\n\n<p>Tambi\u00e9n\nexhort\u00f3 a la Polic\u00eda Vial de la Secretar\u00eda de Seguridad de Oaxaca y a los 570\nAyuntamientos a generar estrategias, acciones y campa\u00f1as de sensibilizaci\u00f3n y\ndisuasi\u00f3n para que los motociclistas cumplan con sus obligaciones y medidas de\nseguridad que les establece la ley.<\/p>\n\n\n\n<p>El\nexhorto del Congreso del Estado tambi\u00e9n incluy\u00f3 exigir a la Secretar\u00eda de\nSeguridad vigilar que los conductores no hagan uso del celular u otros dispositivos\nelectr\u00f3nicos cuando conducen alg\u00fan veh\u00edculo.<\/p>\n\n\n\n<p>CONTROL\nPARA LICENCIAS&nbsp;<\/p>\n\n\n\n<p>Por otro\nlado, la Legislatura local realiz\u00f3 modificaciones a la Ley de Movilidad para el\nEstado de Oaxaca, para poner m\u00e1s control el tr\u00e1mite de licencias de conducir.<\/p>\n\n\n\n<p>Se trata\nde reformas al p\u00e1rrafo segundo y la adici\u00f3n de un tercer p\u00e1rrafo al Art\u00edculo\n172 de la citada ley,&nbsp; con el objetivo de entregar licencias a personas\naptas para esta actividad y disminuir as\u00ed accidentes viales que provocan\nlesiones y muertes.<\/p>\n\n\n\n<p>La\nreforma se\u00f1ala que \u201cla expedici\u00f3n de licencias de conducir, se realizar\u00e1 previa\ncapacitaci\u00f3n, aprobaci\u00f3n del examen y el pago de derechos. El certificado de capacitaci\u00f3n\nser\u00e1 emitido por la Semovi sin costo adicional, quien ser\u00e1 responsable de\naplicar el examen\u201d.<\/p>\n\n\n\n<p>Y se\u00f1ala\nque en caso de no aprobar el examen, la o el solicitante&nbsp; de la licencia\ndeber\u00e1 esperar 30 d\u00edas naturales para realizar nuevamente los tr\u00e1mites para su\nobtenci\u00f3n.<\/p>\n\n\n\n<p>La\nreforma establece mecanismos que ayudar\u00e1n a generar medidas adecuadas para el\nfomento de una cultura vial de calidad y garantizar que quien conduzca una\nunidad de motor cuente con los conocimientos&nbsp; y capacidad&nbsp; requerida.<\/p>\n\n\n\n<p>As\u00ed se\ngarantiza el derecho a la colectividad que exige garantizar la integridad\nf\u00edsica de los peatones, ciclistas y usuarios del transporte p\u00fablico y privado,\ncon el fin de reducir accidentes que provocan lesiones y muertes en la v\u00eda p\u00fablica\npor personas que conducen veh\u00edculos.<\/p>\n","protected":false},"excerpt":{"rendered":"<p>Redacci\u00f3n\/Zona Roja. Oaxaca de Ju\u00e1rez, Oax., 25 de diciembre de 2019.- El Congreso del Estado&hellip;<\/p>\n","protected":false},"author":2,"featured_media":6958,"comment_status":"closed","ping_status":"open","sticky":false,"template":"","format":"standard","meta":{"_lmt_disableupdate":"","_lmt_disable":"","_jetpack_memberships_contains_paid_content":false,"footnotes":""},"categories":[109,47],"tags":[213],"class_list":["post-6957","post","type-post","status-publish","format-standard","has-post-thumbnail","hentry","category-minuto-a-minuto","category-zona-gris","tag-64-legislatura-de-oaxaca"],"jetpack_featured_media_url":"https:\/\/zonaroja.com.mx\/wp-content\/uploads\/2019\/12\/Taxis-Oaxaca.jpg","jetpack_sharing_enabled":true,"_links":{"self":[{"href":"https:\/\/zonaroja.com.mx\/index.php?rest_route=\/wp\/v2\/posts\/6957","targetHints":{"allow":["GET"]}}],"collection":[{"href":"https:\/\/zonaroja.com.mx\/index.php?rest_route=\/wp\/v2\/posts"}],"about":[{"href":"https:\/\/zonaroja.com.mx\/index.php?rest_route=\/wp\/v2\/types\/post"}],"author":[{"embeddable":true,"href":"https:\/\/zonaroja.com.mx\/index.php?rest_route=\/wp\/v2\/users\/2"}],"replies":[{"embeddable":true,"href":"https:\/\/zonaroja.com.mx\/index.php?rest_route=%2Fwp%2Fv2%2Fcomments&post=6957"}],"version-history":[{"count":1,"href":"https:\/\/zonaroja.com.mx\/index.php?rest_route=\/wp\/v2\/posts\/6957\/revisions"}],"predecessor-version":[{"id":6959,"href":"https:\/\/zonaroja.com.mx\/index.php?rest_route=\/wp\/v2\/posts\/6957\/revisions\/6959"}],"wp:featuredmedia":[{"embeddable":true,"href":"https:\/\/zonaroja.com.mx\/index.php?rest_route=\/wp\/v2\/media\/6958"}],"wp:attachment":[{"href":"https:\/\/zonaroja.com.mx\/index.php?rest_route=%2Fwp%2Fv2%2Fmedia&parent=6957"}],"wp:term":[{"taxonomy":"category","embeddable":true,"href":"https:\/\/zonaroja.com.mx\/index.php?rest_route=%2Fwp%2Fv2%2Fcategories&post=6957"},{"taxonomy":"post_tag","embeddable":true,"href":"https:\/\/zonaroja.com.mx\/index.php?rest_route=%2Fwp%2Fv2%2Ftags&post=6957"}],"curies":[{"name":"wp","href":"https:\/\/api.w.org\/{rel}","templated":true}]}}