{"id":69573,"date":"2024-06-19T12:53:00","date_gmt":"2024-06-19T18:53:00","guid":{"rendered":"https:\/\/zonaroja.com.mx\/?p=69573"},"modified":"2024-06-19T07:57:36","modified_gmt":"2024-06-19T13:57:36","slug":"se-separa-amlo-de-su-esposa-se-ira-vivir-solo-a-la-chingada","status":"publish","type":"post","link":"https:\/\/zonaroja.com.mx\/?p=69573","title":{"rendered":"\u00bfSe separa AMLO de su esposa?; se ir\u00e1 vivir solo a \u201cLa Chingada\u201d"},"content":{"rendered":"\n<p>Redacci\u00f3n\/Zona Roja Cdmx.<\/p>\n\n\n\n<p>Ciudad de M\u00e9xico, a 19 de junio de 2024.- El presidente Andr\u00e9s Manuel L\u00f3pez Obrador anunci\u00f3 que durante su retiro, en su finca de Palenque, en Chiapas, se dar\u00e1 el tiempo para venir a la Ciudad de M\u00e9xico para visitar a Beatriz Guati\u00e9rrez M\u00fcller, su esposa.<\/p>\n\n\n\n<p>\u201cNo voy a viajar en aviones comerciales porque no voy a ir a los aeropuertos. Voy a ver c\u00f3mo le hago para trasladarme, porque voy a estar viniendo para ver a mi compa\u00f1era Beatriz (Guti\u00e9rrez M\u00fcller) que la amo mucho y que me ha ayudado. Bueno&#8230; nada m\u00e1s con aguantarme ya.\u201d .<\/p>\n\n\n\n<p>Reconoci\u00f3 que ella ha vivido \u201c todas las peque\u00f1as presiones que se enfrentan en este noble oficio\u201d.<\/p>\n\n\n\n<p>En su conferencia de prensa matutina, el mandatario insisti\u00f3 en que no es verdad que haya participado en la definici\u00f3n del gabinete de la virtual presidenta electa, Claudia Sheinbaum.<\/p>\n\n\n\n<p>\u201cEs falso. (&#8230;) Yo no quiero ser l\u00edder moral ni jefe m\u00e1ximo ni caudillo, mucho menos cacique. Yo ya termino en 100 d\u00edas y me jubilo. Lo sigo diciendo para que se vaya internalizando\u201c, apunt\u00f3.<\/p>\n\n\n\n<p>Aprovech\u00f3 para insistir en que en su finca no recibir\u00e1 a nadie m\u00e1s que a Sheinbaum.<\/p>\n\n\n\n<p>Ante la posibilidad de que haya quienes quieran ir a consultarle, nuevamente dijo que no los atender\u00e1: \u201cNo voy a poder hacerlo\u201d.<\/p>\n\n\n\n<p>\u201cYo ya me retiro por completo. Voy a atender a mi familia y eso ya les dije, &#8216;no se habla de pol\u00edtica&#8217;. Yo voy a estar trabajando en una investigaci\u00f3n sobre M\u00e9xico prehisp\u00e1nico, ya estoy reuniendo mi bibliograf\u00eda b\u00e1sica, porque no quiero salir a buscar un archivo a una biblioteca y que me tomen foto, va a ser muy dif\u00edcil que me tomen una foto hacia delante\u201d.<\/p>\n\n\n\n<p>(Informaci\u00f3n de \u201cExpansi\u00f3n Pol\u00edtica\u201d)<\/p>\n","protected":false},"excerpt":{"rendered":"<p>Redacci\u00f3n\/Zona Roja Cdmx. Ciudad de M\u00e9xico, a 19 de junio de 2024.- El presidente Andr\u00e9s&hellip;<\/p>\n","protected":false},"author":2,"featured_media":69574,"comment_status":"closed","ping_status":"open","sticky":false,"template":"","format":"standard","meta":{"_lmt_disableupdate":"","_lmt_disable":"","_jetpack_memberships_contains_paid_content":false,"footnotes":""},"categories":[109,47],"tags":[143],"class_list":["post-69573","post","type-post","status-publish","format-standard","has-post-thumbnail","hentry","category-minuto-a-minuto","category-zona-gris","tag-andres-manuel-lopez-obrador"],"jetpack_featured_media_url":"https:\/\/zonaroja.com.mx\/wp-content\/uploads\/2024\/06\/Lopez-Obrador-y-Beatriz-Gutierrez.jpeg","jetpack_sharing_enabled":true,"_links":{"self":[{"href":"https:\/\/zonaroja.com.mx\/index.php?rest_route=\/wp\/v2\/posts\/69573","targetHints":{"allow":["GET"]}}],"collection":[{"href":"https:\/\/zonaroja.com.mx\/index.php?rest_route=\/wp\/v2\/posts"}],"about":[{"href":"https:\/\/zonaroja.com.mx\/index.php?rest_route=\/wp\/v2\/types\/post"}],"author":[{"embeddable":true,"href":"https:\/\/zonaroja.com.mx\/index.php?rest_route=\/wp\/v2\/users\/2"}],"replies":[{"embeddable":true,"href":"https:\/\/zonaroja.com.mx\/index.php?rest_route=%2Fwp%2Fv2%2Fcomments&post=69573"}],"version-history":[{"count":1,"href":"https:\/\/zonaroja.com.mx\/index.php?rest_route=\/wp\/v2\/posts\/69573\/revisions"}],"predecessor-version":[{"id":69575,"href":"https:\/\/zonaroja.com.mx\/index.php?rest_route=\/wp\/v2\/posts\/69573\/revisions\/69575"}],"wp:featuredmedia":[{"embeddable":true,"href":"https:\/\/zonaroja.com.mx\/index.php?rest_route=\/wp\/v2\/media\/69574"}],"wp:attachment":[{"href":"https:\/\/zonaroja.com.mx\/index.php?rest_route=%2Fwp%2Fv2%2Fmedia&parent=69573"}],"wp:term":[{"taxonomy":"category","embeddable":true,"href":"https:\/\/zonaroja.com.mx\/index.php?rest_route=%2Fwp%2Fv2%2Fcategories&post=69573"},{"taxonomy":"post_tag","embeddable":true,"href":"https:\/\/zonaroja.com.mx\/index.php?rest_route=%2Fwp%2Fv2%2Ftags&post=69573"}],"curies":[{"name":"wp","href":"https:\/\/api.w.org\/{rel}","templated":true}]}}