{"id":69578,"date":"2024-06-19T18:41:10","date_gmt":"2024-06-20T00:41:10","guid":{"rendered":"https:\/\/zonaroja.com.mx\/?p=69578"},"modified":"2024-06-19T18:46:25","modified_gmt":"2024-06-20T00:46:25","slug":"medio-centenar-de-organismos-de-la-sociedad-civil-exigen-justicia-para-sol-jarquin","status":"publish","type":"post","link":"https:\/\/zonaroja.com.mx\/?p=69578","title":{"rendered":"Medio centenar de organismos de la sociedad civil exigen justicia para Sol"},"content":{"rendered":"\n<p>Redacci\u00f3n\/Zona Roja.<\/p>\n\n\n\n<p>Oaxaca de Ju\u00e1rez, Oax., a 19 de junio de 2024.- A seis a\u00f1os del feminicidio de Mar\u00eda del Sol Cruz Jarqu\u00edn, ocurrido el 2 de junio del 2018, 49 organizaciones y colectivas feministas y de mujeres, as\u00ed como 117 personas de la sociedad civil, exigieron justicia para sol, a trav\u00e9s de un pronunciamiento firmado en conjunto. \u201cSe cumplieron seis a\u00f1os del crimen de Estado contra Mar\u00eda del Sol Cruz Jarqu\u00edn en el que confluyen: feminicidio, robo de su equipo, delito electoral\u201d, subrayaron en este documento.<\/p>\n\n\n\n<p>Las firmantes, mujeres diversas, v\u00edctimas de violencia feminicida, feministas y organizaciones de la sociedad civil y movimientos sociales, aseguraron que el&nbsp; feminicidio de Mar\u00eda del Sol est\u00e1 marcado por la impunidad, complicidad y corrupci\u00f3n de un per\u00edodo transexenal que abarc\u00f3 desde el gobierno de Enrique Pe\u00f1a Nieto del&nbsp; PRI, el cual&nbsp; salpic\u00f3 al gobierno de Andr\u00e9s Manuel L\u00f3pez Obrador de Morena, y que marc\u00f3 de manera contundente la gubernatura de Alejandro Murat Hinojosa.&nbsp;<\/p>\n\n\n\n<p>\u00c9ste \u00faltimo concluy\u00f3 su sexenio con 718 feminicidios y altos \u00edndices de impunidad; sin pol\u00edticas p\u00fablicas ni presupuestos para garantizar la vida, la seguridad y acceso a la justicia para las mujeres.<\/p>\n\n\n\n<p>Adem\u00e1s de que el actual gobierno de Salom\u00f3n Jara contin\u00faa sin demostrar voluntad pol\u00edtica de resolver los casos de feminicidio ni garantizar los derechos, dignidad y vida de las mujeres y ni\u00f1as.<\/p>\n\n\n\n<p>Por ello, manifestaron su preocupaci\u00f3n porque con su actuar u omisi\u00f3n, el Estado mexicano legitima la normalizaci\u00f3n de la violencia contra las mujeres y evidencia el pacto patriarcal al perpetuar y garantizar la impunidad, consentir la complicidad y el compadrazgo entre jueces, magistrados y funcionarios.<\/p>\n\n\n\n<p>\u201cHan pasado seis a\u00f1os, son 72 meses sin Mar\u00eda del Sol, mientras tanto los feminicidios aumentan y la justicia no llega, ni para ella ni para las m\u00e1s de 881 mujeres v\u00edctimas de feminicidio asesinadas durante los seis a\u00f1os del sexenio de Alejandro Murat y el primer a\u00f1o y medio del sexenio actual\u201d, agregaron en el documento.<\/p>\n\n\n\n<p>\u201cSeguiremos luchando incansablemente, acuerpando y acompa\u00f1ando a Soledad Jarqu\u00edn Edgar en la b\u00fasqueda de justicia y castigo a los responsables del feminicidio de su hija Mar\u00eda del Sol y por otras tantas que nos han sido arrebatadas, no seremos omisas de la impunidad en la que permanecen miles de feminicidios en M\u00e9xico\u201d, enfatizaron. Asimismo, reiteraron su compromiso en seguir luchando por un mundo donde las mujeres vivan sin miedo, libres de violencia y tengan acceso a la justicia.<\/p>\n\n\n\n<p>Finalmente, instaron a la virtual Presidenta de la Rep\u00fablica, Claudia Sheinbaum a que escuche y atienda la incansable lucha por la b\u00fasqueda de justicia de las madres de las v\u00edctimas de feminicidio y castigo a los responsables, a que actu\u00e9 en consecuencia para erradicar la violencia hacia las mujeres, as\u00ed como tambi\u00e9n al gobierno del Estado de Oaxaca representado por el gobernador y fiscal\u00edas.<\/p>\n\n\n\n<p>El feminicidio de Mar\u00eda del Sol ocurri\u00f3 el 2 de junio del 2018 &nbsp;en Juchit\u00e1n de Zaragoza, en la regi\u00f3n del Istmo de Tehuantepec, lugar al que estuvo obligada a ir para cubrir la campa\u00f1a electoral de Hageo Montero L\u00f3pez, hermano de Francisco Montero L\u00f3pez, jefe de Mar\u00eda del Sol, quien fuera jefa de Comunicaci\u00f3n Ind\u00edgena Intercultural de la entonces Secretar\u00eda de Asuntos Ind\u00edgenas del Gobierno del Estado de Oaxaca.<\/p>\n\n\n\n<p>(Comunicado)<\/p>\n","protected":false},"excerpt":{"rendered":"<p>Redacci\u00f3n\/Zona Roja. Oaxaca de Ju\u00e1rez, Oax., a 19 de junio de 2024.- A seis a\u00f1os&hellip;<\/p>\n","protected":false},"author":2,"featured_media":69579,"comment_status":"closed","ping_status":"open","sticky":false,"template":"","format":"standard","meta":{"_lmt_disableupdate":"","_lmt_disable":"","_jetpack_memberships_contains_paid_content":false,"footnotes":""},"categories":[109,47],"tags":[1059],"class_list":["post-69578","post","type-post","status-publish","format-standard","has-post-thumbnail","hentry","category-minuto-a-minuto","category-zona-gris","tag-maria-del-sol-cruz-jarquin"],"jetpack_featured_media_url":"https:\/\/zonaroja.com.mx\/wp-content\/uploads\/2024\/06\/Feminicidios-Oaxaca.jpeg","jetpack_sharing_enabled":true,"_links":{"self":[{"href":"https:\/\/zonaroja.com.mx\/index.php?rest_route=\/wp\/v2\/posts\/69578","targetHints":{"allow":["GET"]}}],"collection":[{"href":"https:\/\/zonaroja.com.mx\/index.php?rest_route=\/wp\/v2\/posts"}],"about":[{"href":"https:\/\/zonaroja.com.mx\/index.php?rest_route=\/wp\/v2\/types\/post"}],"author":[{"embeddable":true,"href":"https:\/\/zonaroja.com.mx\/index.php?rest_route=\/wp\/v2\/users\/2"}],"replies":[{"embeddable":true,"href":"https:\/\/zonaroja.com.mx\/index.php?rest_route=%2Fwp%2Fv2%2Fcomments&post=69578"}],"version-history":[{"count":2,"href":"https:\/\/zonaroja.com.mx\/index.php?rest_route=\/wp\/v2\/posts\/69578\/revisions"}],"predecessor-version":[{"id":69584,"href":"https:\/\/zonaroja.com.mx\/index.php?rest_route=\/wp\/v2\/posts\/69578\/revisions\/69584"}],"wp:featuredmedia":[{"embeddable":true,"href":"https:\/\/zonaroja.com.mx\/index.php?rest_route=\/wp\/v2\/media\/69579"}],"wp:attachment":[{"href":"https:\/\/zonaroja.com.mx\/index.php?rest_route=%2Fwp%2Fv2%2Fmedia&parent=69578"}],"wp:term":[{"taxonomy":"category","embeddable":true,"href":"https:\/\/zonaroja.com.mx\/index.php?rest_route=%2Fwp%2Fv2%2Fcategories&post=69578"},{"taxonomy":"post_tag","embeddable":true,"href":"https:\/\/zonaroja.com.mx\/index.php?rest_route=%2Fwp%2Fv2%2Ftags&post=69578"}],"curies":[{"name":"wp","href":"https:\/\/api.w.org\/{rel}","templated":true}]}}