{"id":69588,"date":"2024-06-19T21:51:51","date_gmt":"2024-06-20T03:51:51","guid":{"rendered":"https:\/\/zonaroja.com.mx\/?p=69588"},"modified":"2024-06-19T21:51:53","modified_gmt":"2024-06-20T03:51:53","slug":"asesinan-a-una-persona-en-la-region-valles-centrales-de-oaxaca","status":"publish","type":"post","link":"https:\/\/zonaroja.com.mx\/?p=69588","title":{"rendered":"Asesinan a una persona en la regi\u00f3n Valles Centrales de Oaxaca"},"content":{"rendered":"\n<p>Raymundo Morales\/Zona Roja.<\/p>\n\n\n\n<p>Oaxaca de Ju\u00e1rez, Oax., a 19 de junio de 2024.- Una persona del sexo masculino fue ejecutada la tarde de hoy en la regi\u00f3n Valles Centrales de Oaxaca.<\/p>\n\n\n\n<p>Fue a la altura del kil\u00f3metro 48 de la carretera federal 175, Oaxaca-Puerto \u00c1ngel, jurisdicci\u00f3n del municipio de San Mart\u00edn de los Canseco, en que corporaciones policiacas hallaron un veh\u00edculo de motor y en su interior una persona sin vida, con varios impactos de arma de fuego.<\/p>\n\n\n\n<p>Seg\u00fan narr\u00f3 uno de los testigos, ocupantes de un veh\u00edculo se les emparejaron, les hicieron detenerse y despu\u00e9s pretend\u00edan secuestrar al occiso, quien opuso resistencia, por lo cual le dispararon.<\/p>\n\n\n\n<p>Personal param\u00e9dico arrib\u00f3 al lugar pero corrobor\u00f3 que la persona, hasta el momento a\u00fan no identificada, ya no contaba con signos vitales.<\/p>\n\n\n\n<p>Personal de la Fiscal\u00eda General del Estado de Oaxaca arrib\u00f3 al sitio para iniciar las indagatorias correspondientes y hasta el momento no se han revelado detalles del crimen.<\/p>\n","protected":false},"excerpt":{"rendered":"<p>Raymundo Morales\/Zona Roja. Oaxaca de Ju\u00e1rez, Oax., a 19 de junio de 2024.- Una persona&hellip;<\/p>\n","protected":false},"author":2,"featured_media":69589,"comment_status":"closed","ping_status":"open","sticky":false,"template":"","format":"standard","meta":{"_lmt_disableupdate":"","_lmt_disable":"","_jetpack_memberships_contains_paid_content":false,"footnotes":""},"categories":[109,51],"tags":[],"class_list":["post-69588","post","type-post","status-publish","format-standard","has-post-thumbnail","hentry","category-minuto-a-minuto","category-zona-roja"],"jetpack_featured_media_url":"https:\/\/zonaroja.com.mx\/wp-content\/uploads\/2024\/06\/Asesinado-San-Martin-de-los-Canseco.jpeg","jetpack_sharing_enabled":true,"_links":{"self":[{"href":"https:\/\/zonaroja.com.mx\/index.php?rest_route=\/wp\/v2\/posts\/69588","targetHints":{"allow":["GET"]}}],"collection":[{"href":"https:\/\/zonaroja.com.mx\/index.php?rest_route=\/wp\/v2\/posts"}],"about":[{"href":"https:\/\/zonaroja.com.mx\/index.php?rest_route=\/wp\/v2\/types\/post"}],"author":[{"embeddable":true,"href":"https:\/\/zonaroja.com.mx\/index.php?rest_route=\/wp\/v2\/users\/2"}],"replies":[{"embeddable":true,"href":"https:\/\/zonaroja.com.mx\/index.php?rest_route=%2Fwp%2Fv2%2Fcomments&post=69588"}],"version-history":[{"count":1,"href":"https:\/\/zonaroja.com.mx\/index.php?rest_route=\/wp\/v2\/posts\/69588\/revisions"}],"predecessor-version":[{"id":69590,"href":"https:\/\/zonaroja.com.mx\/index.php?rest_route=\/wp\/v2\/posts\/69588\/revisions\/69590"}],"wp:featuredmedia":[{"embeddable":true,"href":"https:\/\/zonaroja.com.mx\/index.php?rest_route=\/wp\/v2\/media\/69589"}],"wp:attachment":[{"href":"https:\/\/zonaroja.com.mx\/index.php?rest_route=%2Fwp%2Fv2%2Fmedia&parent=69588"}],"wp:term":[{"taxonomy":"category","embeddable":true,"href":"https:\/\/zonaroja.com.mx\/index.php?rest_route=%2Fwp%2Fv2%2Fcategories&post=69588"},{"taxonomy":"post_tag","embeddable":true,"href":"https:\/\/zonaroja.com.mx\/index.php?rest_route=%2Fwp%2Fv2%2Ftags&post=69588"}],"curies":[{"name":"wp","href":"https:\/\/api.w.org\/{rel}","templated":true}]}}