{"id":69591,"date":"2024-06-20T06:38:46","date_gmt":"2024-06-20T12:38:46","guid":{"rendered":"https:\/\/zonaroja.com.mx\/?p=69591"},"modified":"2024-06-20T06:38:48","modified_gmt":"2024-06-20T12:38:48","slug":"hija-del-che-guevara-imparte-conferencia-a-funcionarios-de-oaxaca","status":"publish","type":"post","link":"https:\/\/zonaroja.com.mx\/?p=69591","title":{"rendered":"Hija del \u201cChe\u201d Guevara imparte conferencia a funcionarios de Oaxaca"},"content":{"rendered":"\n<p>Redacci\u00f3n\/Zona Roja.<\/p>\n\n\n\n<p>Oaxaca de Ju\u00e1rez, Oax. 19 de junio de 2024. El Gobernador del Estado, Salom\u00f3n Jara Cruz, convoc\u00f3 a la unidad de los pueblos para honrar la memoria de las mujeres y hombres revolucionarios, que bajo el estandarte de sus ideales, han luchado por una vida m\u00e1s justa y libre.<\/p>\n\n\n\n<p>En el marco de la conferencia magistral \u201cEl libro y la transformaci\u00f3n desde la izquierda\u201d impartida por la hija del revolucionario Ernesto \u201cChe\u201d Guevara, Aleida Guevara March, desde Palacio de Gobierno, el mandatario estatal expres\u00f3 que la belleza y la tragedia de los pa\u00edses no se puede negar desde los ideales que cobijan una lucha.<\/p>\n\n\n\n<p>\u201cLa historia de Am\u00e9rica Latina es de las mujeres y hombres que lucharon por la libertad; nuestra tierra ha sido regada con la sangre de los revolucionarios y de aquellos que buscaron a trav\u00e9s de la lucha social un mundo m\u00e1s igualitario\u201d, afirm\u00f3 junto a la presidenta honoraria del Sistema DIF Oaxaca, Irma Bola\u00f1os Quijano.<\/p>\n\n\n\n<p>Al destacar que su gobierno emana de un movimiento que combate contra los grandes sistemas de explotaci\u00f3n que buscan arrebatarles a las y los mexicanos la riqueza que han legado los ancestros, Jara Cruz apel\u00f3 a la unidad de los pueblos para avanzar en el camino de la transformaci\u00f3n y superaci\u00f3n. \u201cNuestra Am\u00e9rica a\u00fan vive en el sue\u00f1o que nuestros h\u00e9roes anhelaron, a\u00fan quedan muchas luchas que impulsan nuestros pasos y nuestro actuar\u201d.<\/p>\n\n\n\n<p>En este sentido, a\u00f1adi\u00f3 que para conservar y acrecentar entre las nuevas generaciones los ideales de aquellos que cimentaron las bases de un mundo m\u00e1s igualitario, su gobierno est\u00e1 comprometido con el impulso a la educaci\u00f3n y la erradicaci\u00f3n del analfabetismo, toda vez que un pueblo que lee es culto y encuentra la llave al conocimiento.<\/p>\n\n\n\n<p>COMPROMISO CON LA HISTORIA<\/p>\n\n\n\n<p>En su oportunidad, la pediatra e hija mayor del guerrillero cubano Ernesto \u201cChe\u201d Guevara, Aleida Guevara March, expres\u00f3 que los gobiernos de izquierda est\u00e1n comprometidos a no olvidar la historia de los pueblos, a trabajar con modestia y sencillez, respetando la cultura de cada regi\u00f3n y no pretender imponer sus ideas.<\/p>\n\n\n\n<p>A\u00f1adi\u00f3 que la funci\u00f3n social de los gobiernos de izquierda es la atenci\u00f3n a los pueblos para una vida m\u00e1s digna y plena.<\/p>\n\n\n\n<p>\u201cLa izquierda debe tener presente que el pueblo tiene que identificarla, y eso sucede cuando es capaz de mostrarle por qu\u00e9 son necesarios los cambios; cuando hablamos de salud p\u00fablica como un derecho del ser humano y esta debe garantizarse\u201d, finaliz\u00f3.<\/p>\n","protected":false},"excerpt":{"rendered":"<p>Redacci\u00f3n\/Zona Roja. Oaxaca de Ju\u00e1rez, Oax. 19 de junio de 2024. El Gobernador del Estado,&hellip;<\/p>\n","protected":false},"author":2,"featured_media":69592,"comment_status":"closed","ping_status":"open","sticky":false,"template":"","format":"standard","meta":{"_lmt_disableupdate":"","_lmt_disable":"","_jetpack_memberships_contains_paid_content":false,"footnotes":""},"categories":[109,46,51],"tags":[939],"class_list":["post-69591","post","type-post","status-publish","format-standard","has-post-thumbnail","hentry","category-minuto-a-minuto","category-zona-blanca","category-zona-roja","tag-salomon-jara-cruz"],"jetpack_featured_media_url":"https:\/\/zonaroja.com.mx\/wp-content\/uploads\/2024\/06\/Salomon-Jara-e-hija-del-Che-Guevara.jpeg","jetpack_sharing_enabled":true,"_links":{"self":[{"href":"https:\/\/zonaroja.com.mx\/index.php?rest_route=\/wp\/v2\/posts\/69591","targetHints":{"allow":["GET"]}}],"collection":[{"href":"https:\/\/zonaroja.com.mx\/index.php?rest_route=\/wp\/v2\/posts"}],"about":[{"href":"https:\/\/zonaroja.com.mx\/index.php?rest_route=\/wp\/v2\/types\/post"}],"author":[{"embeddable":true,"href":"https:\/\/zonaroja.com.mx\/index.php?rest_route=\/wp\/v2\/users\/2"}],"replies":[{"embeddable":true,"href":"https:\/\/zonaroja.com.mx\/index.php?rest_route=%2Fwp%2Fv2%2Fcomments&post=69591"}],"version-history":[{"count":1,"href":"https:\/\/zonaroja.com.mx\/index.php?rest_route=\/wp\/v2\/posts\/69591\/revisions"}],"predecessor-version":[{"id":69593,"href":"https:\/\/zonaroja.com.mx\/index.php?rest_route=\/wp\/v2\/posts\/69591\/revisions\/69593"}],"wp:featuredmedia":[{"embeddable":true,"href":"https:\/\/zonaroja.com.mx\/index.php?rest_route=\/wp\/v2\/media\/69592"}],"wp:attachment":[{"href":"https:\/\/zonaroja.com.mx\/index.php?rest_route=%2Fwp%2Fv2%2Fmedia&parent=69591"}],"wp:term":[{"taxonomy":"category","embeddable":true,"href":"https:\/\/zonaroja.com.mx\/index.php?rest_route=%2Fwp%2Fv2%2Fcategories&post=69591"},{"taxonomy":"post_tag","embeddable":true,"href":"https:\/\/zonaroja.com.mx\/index.php?rest_route=%2Fwp%2Fv2%2Ftags&post=69591"}],"curies":[{"name":"wp","href":"https:\/\/api.w.org\/{rel}","templated":true}]}}