{"id":69594,"date":"2024-06-20T08:30:00","date_gmt":"2024-06-20T14:30:00","guid":{"rendered":"https:\/\/zonaroja.com.mx\/?p=69594"},"modified":"2024-06-20T07:10:53","modified_gmt":"2024-06-20T13:10:53","slug":"rina-deja-dos-muertos-por-balas-en-poblacion-de-pinotepa-nacional","status":"publish","type":"post","link":"https:\/\/zonaroja.com.mx\/?p=69594","title":{"rendered":"Ri\u00f1a deja dos muertos por balas en poblaci\u00f3n de Pinotepa Nacional"},"content":{"rendered":"\n<p>Raymundo Morales\/Zona Roja.<\/p>\n\n\n\n<p>Oaxaca de Ju\u00e1rez, Oax., a 20 de enero de 2024.- En una ri\u00f1a en el interior de un bar, dos personas perdieron la vida y una m\u00e1s result\u00f3 lesionada por disparos de arma de fuego, en Mancuernas, agencia del municipio de Santiago Pinotepa Nacional.<\/p>\n\n\n\n<p>De acuerdo con los primeros reportes de corporaciones policiacas, el hecho ocurri\u00f3 alrededor de las 22:00 horas cuando varias personas consum\u00edan bebidas embriagantes en un establecimiento.<\/p>\n\n\n\n<p>De ello deriv\u00f3 una discusi\u00f3n tras lo cual una de las personas sac\u00f3 un arma de fuego y dispar\u00f3 contra sus compa\u00f1eros, para luego darse a la fuga.<\/p>\n\n\n\n<p>Hasta el momento se desconoce el paradero del presunto agresor, pese a la b\u00fasqueda que hicieron polic\u00edas municipales.<\/p>\n\n\n\n<p>Personal de la Vicefiscal\u00eda Regional de la Costa inici\u00f3 la carpeta de investigaci\u00f3n correspondiente para deslindar responsabilidades.<\/p>\n\n\n\n<p>IDENTIFICAN A EJECUTADO<\/p>\n\n\n\n<p>Por otra parte, como Marcelo \u201cN\u201d, de 44 a\u00f1os de edad, fue identificada la persona asesinada ayer por la tarde a un costado de la carretera federal Oaxaca-Puerto \u00c1ngel, en jurisdicci\u00f3n del municipio de San Mart\u00edn de los Canseco.<\/p>\n\n\n\n<p>El crimen ocurri\u00f3 alrededor de las 16:30 horas cuando el hoy occiso, que conduc\u00eda una camioneta marca Ford, tipo F150, fue interceptado por los ocupantes de una unidad de motor, que le cerraron el paso para detenerlo.<\/p>\n\n\n\n<p>Tras ello pretend\u00edan secuestrarlo pero al oponer resistencia, le dispararon a la v\u00edctima, luego de lo cual huyeron con rumbo a la ciudad de Oaxaca.<\/p>\n","protected":false},"excerpt":{"rendered":"<p>Raymundo Morales\/Zona Roja. Oaxaca de Ju\u00e1rez, Oax., a 20 de enero de 2024.- En una&hellip;<\/p>\n","protected":false},"author":2,"featured_media":69311,"comment_status":"closed","ping_status":"open","sticky":false,"template":"","format":"standard","meta":{"_lmt_disableupdate":"","_lmt_disable":"","_jetpack_memberships_contains_paid_content":false,"footnotes":""},"categories":[109,51],"tags":[651],"class_list":["post-69594","post","type-post","status-publish","format-standard","has-post-thumbnail","hentry","category-minuto-a-minuto","category-zona-roja","tag-santiago-pinotepa-nacional"],"jetpack_featured_media_url":"https:\/\/zonaroja.com.mx\/wp-content\/uploads\/2024\/06\/Escena-asesinato-crimen-violencia.jpeg","jetpack_sharing_enabled":true,"_links":{"self":[{"href":"https:\/\/zonaroja.com.mx\/index.php?rest_route=\/wp\/v2\/posts\/69594","targetHints":{"allow":["GET"]}}],"collection":[{"href":"https:\/\/zonaroja.com.mx\/index.php?rest_route=\/wp\/v2\/posts"}],"about":[{"href":"https:\/\/zonaroja.com.mx\/index.php?rest_route=\/wp\/v2\/types\/post"}],"author":[{"embeddable":true,"href":"https:\/\/zonaroja.com.mx\/index.php?rest_route=\/wp\/v2\/users\/2"}],"replies":[{"embeddable":true,"href":"https:\/\/zonaroja.com.mx\/index.php?rest_route=%2Fwp%2Fv2%2Fcomments&post=69594"}],"version-history":[{"count":1,"href":"https:\/\/zonaroja.com.mx\/index.php?rest_route=\/wp\/v2\/posts\/69594\/revisions"}],"predecessor-version":[{"id":69595,"href":"https:\/\/zonaroja.com.mx\/index.php?rest_route=\/wp\/v2\/posts\/69594\/revisions\/69595"}],"wp:featuredmedia":[{"embeddable":true,"href":"https:\/\/zonaroja.com.mx\/index.php?rest_route=\/wp\/v2\/media\/69311"}],"wp:attachment":[{"href":"https:\/\/zonaroja.com.mx\/index.php?rest_route=%2Fwp%2Fv2%2Fmedia&parent=69594"}],"wp:term":[{"taxonomy":"category","embeddable":true,"href":"https:\/\/zonaroja.com.mx\/index.php?rest_route=%2Fwp%2Fv2%2Fcategories&post=69594"},{"taxonomy":"post_tag","embeddable":true,"href":"https:\/\/zonaroja.com.mx\/index.php?rest_route=%2Fwp%2Fv2%2Ftags&post=69594"}],"curies":[{"name":"wp","href":"https:\/\/api.w.org\/{rel}","templated":true}]}}