{"id":69596,"date":"2024-06-20T10:18:00","date_gmt":"2024-06-20T16:18:00","guid":{"rendered":"https:\/\/zonaroja.com.mx\/?p=69596"},"modified":"2024-06-20T07:28:36","modified_gmt":"2024-06-20T13:28:36","slug":"retienen-en-matias-romero-maquinaria-de-corredor-interoceanico-protestaran-ante-amlo","status":"publish","type":"post","link":"https:\/\/zonaroja.com.mx\/?p=69596","title":{"rendered":"Retienen en Mat\u00edas Romero maquinaria de Corredor Interoce\u00e1nico; protestar\u00e1n ante AMLO"},"content":{"rendered":"\n<p>Raymundo Morales\/Zona Roja.<\/p>\n\n\n\n<p>Oaxaca de Ju\u00e1rez, Oax., a 20 de junio de 2024.- Pobladores de Tolosita, localidad del municipio de Mat\u00edas Romero Avenda\u00f1o, amagan con protestar ma\u00f1ana durante la visita del Presidente Andr\u00e9s Manuel L\u00f3pez Obrador y la mandataria electa Claudia Sheinbaum a Oaxaca.<\/p>\n\n\n\n<p>Ayer se apoderaron de una camioneta y maquinaria de la empresa que labora en las obras del Corredor Interoce\u00e1nico del Istmo de Tehuantepec.<\/p>\n\n\n\n<p>Lo anterior para presionar a las autoridades federales a concluir las reparaciones por los da\u00f1os causados por el paso del Tren Interoce\u00e1nico, as\u00ed como obras que les prometieron, entre ellas la construcci\u00f3n de un puente.<\/p>\n\n\n\n<p>Reclamaron que hasta la fecha el Gobierno de la Rep\u00fablica no ha cumplido con dichas demandas, por lo cual amenazan con protestar ma\u00f1ana durante la visita del mandatario mexicano a Mat\u00edas Romero.<\/p>\n\n\n\n<p>L\u00f3pez Obrador tiene previsto estar por la tarde en dicho municipio istme\u00f1o, donde junto con Sheinbaum sostendr\u00e1 un acto p\u00fablico relacionado con el Corredor Interoce\u00e1nico.<\/p>\n\n\n\n<p>El s\u00e1bado estar\u00e1 en Santa Mar\u00eda Huatulco, para evaluar las acciones de apoyo a los afectados por el hurac\u00e1n \u201c\u00c1gatha\u201d en comunidades oaxaque\u00f1as de la Costa y Sierra Sur.<\/p>\n\n\n\n<p>Posteriormente inaugurar\u00e1 un camino artesanal en la zona de los Coatlanes y al d\u00eda siguiente acudir\u00e1 a Santa Cruz Xoxocotl\u00e1n para inaugurar una sede de la Guardia Nacional, de acuerdo con la agenda preliminar.<\/p>\n","protected":false},"excerpt":{"rendered":"<p>Raymundo Morales\/Zona Roja. Oaxaca de Ju\u00e1rez, Oax., a 20 de junio de 2024.- Pobladores de&hellip;<\/p>\n","protected":false},"author":2,"featured_media":69597,"comment_status":"closed","ping_status":"open","sticky":false,"template":"","format":"standard","meta":{"_lmt_disableupdate":"","_lmt_disable":"","_jetpack_memberships_contains_paid_content":false,"footnotes":""},"categories":[109,47],"tags":[228],"class_list":["post-69596","post","type-post","status-publish","format-standard","has-post-thumbnail","hentry","category-minuto-a-minuto","category-zona-gris","tag-matias-romero-avendano"],"jetpack_featured_media_url":"https:\/\/zonaroja.com.mx\/wp-content\/uploads\/2024\/06\/Bloqueo-Matias-Romero.jpg","jetpack_sharing_enabled":true,"_links":{"self":[{"href":"https:\/\/zonaroja.com.mx\/index.php?rest_route=\/wp\/v2\/posts\/69596","targetHints":{"allow":["GET"]}}],"collection":[{"href":"https:\/\/zonaroja.com.mx\/index.php?rest_route=\/wp\/v2\/posts"}],"about":[{"href":"https:\/\/zonaroja.com.mx\/index.php?rest_route=\/wp\/v2\/types\/post"}],"author":[{"embeddable":true,"href":"https:\/\/zonaroja.com.mx\/index.php?rest_route=\/wp\/v2\/users\/2"}],"replies":[{"embeddable":true,"href":"https:\/\/zonaroja.com.mx\/index.php?rest_route=%2Fwp%2Fv2%2Fcomments&post=69596"}],"version-history":[{"count":1,"href":"https:\/\/zonaroja.com.mx\/index.php?rest_route=\/wp\/v2\/posts\/69596\/revisions"}],"predecessor-version":[{"id":69598,"href":"https:\/\/zonaroja.com.mx\/index.php?rest_route=\/wp\/v2\/posts\/69596\/revisions\/69598"}],"wp:featuredmedia":[{"embeddable":true,"href":"https:\/\/zonaroja.com.mx\/index.php?rest_route=\/wp\/v2\/media\/69597"}],"wp:attachment":[{"href":"https:\/\/zonaroja.com.mx\/index.php?rest_route=%2Fwp%2Fv2%2Fmedia&parent=69596"}],"wp:term":[{"taxonomy":"category","embeddable":true,"href":"https:\/\/zonaroja.com.mx\/index.php?rest_route=%2Fwp%2Fv2%2Fcategories&post=69596"},{"taxonomy":"post_tag","embeddable":true,"href":"https:\/\/zonaroja.com.mx\/index.php?rest_route=%2Fwp%2Fv2%2Ftags&post=69596"}],"curies":[{"name":"wp","href":"https:\/\/api.w.org\/{rel}","templated":true}]}}