{"id":6960,"date":"2019-12-25T14:34:55","date_gmt":"2019-12-25T20:34:55","guid":{"rendered":"http:\/\/www.zonaroja.com.mx\/?p=6960"},"modified":"2019-12-25T14:34:59","modified_gmt":"2019-12-25T20:34:59","slug":"realizan-multitudinario-sepelio-a-edil-y-sindico-de-jalapa-de-diaz","status":"publish","type":"post","link":"https:\/\/zonaroja.com.mx\/?p=6960","title":{"rendered":"Realizan multitudinario sepelio a edil y s\u00edndico de Jalapa de D\u00edaz"},"content":{"rendered":"\n<p>Redacci\u00f3n\/Zona Roja.<\/p>\n\n\n\n<p>Oaxaca de Ju\u00e1rez, Oax., 25 de diciembre\nde 2019.- En plenas fiestas navide\u00f1as, una multitud acudi\u00f3 al sepelio de quien\nfuera presidente municipal de San Felipe Jalapa de D\u00edaz, Arturo Garc\u00eda\nVel\u00e1squez, y del s\u00edndico Hacendario, V\u00edctor Terrero.<\/p>\n\n\n\n<p>Ambos f\u00e9retros recorrieron las\nprincipales calles de la comunidad y en la explanada le dieron el \u00faltimo adi\u00f3s,\nfrente a la sede del poder municipal, en medio de exigencias de justicia.<\/p>\n\n\n\n<p>Suman m\u00e1s voces <\/p>\n\n\n\n<p>Por otra parte, luego del asesinato de las autoridades municipales, funcionarios estatales, legisladores locales y federales, as\u00ed como integrantes del Partido Morena se han pronunciado para exigir justicia ante los hechos violentos registrados el pasado 23 de diciembre.<\/p>\n\n\n\n<figure class=\"wp-block-embed-twitter wp-block-embed is-type-rich is-provider-twitter\"><div class=\"wp-block-embed__wrapper\">\n<div class=\"twitter-tweet\"><blockquote class=\"twitter-tweet\" data-lang=\"es\"><p lang=\"es\" dir=\"ltr\">Indigna y duele hondo el asesinato perpetrado en contra de Arturo Garc\u00eda Vel\u00e1zquez y Javier Terrero, Presidente y S\u00edndico Municipal de Jalapa de D\u00edaz, <a href=\"https:\/\/twitter.com\/hashtag\/Oaxaca?src=hash&amp;ref_src=twsrc%5Etfw\">#Oaxaca<\/a>. <br><br>Sumo mi voz a las exigencias de justicia y castigo a los responsables de este lamentable crimen. <a href=\"https:\/\/twitter.com\/JesusRCuevas?ref_src=twsrc%5Etfw\">@JesusRCuevas<\/a><\/p>&mdash; Adelfo Regino Montes (@DEELAYUUK) <a href=\"https:\/\/twitter.com\/DEELAYUUK\/status\/1209589281380945920?ref_src=twsrc%5Etfw\">24 de diciembre de 2019<\/a><\/blockquote><\/div>\n<\/div><\/figure>\n\n\n\n<p>Tal fue el caso del titular del\nInstituto Nacional de los Pueblos Ind\u00edgenas, Adelfo Regino Montes, quien a\ntrav\u00e9s de sus redes sociales mostr\u00f3 su indignaci\u00f3n ante los hechos registrados\nen la regi\u00f3n de la Cuenca del Papaloapan, a la par que se uni\u00f3 a los diferentes\nllamados de justicia en torno al caso.<\/p>\n\n\n\n<p>\u201cIndigna y duele hondo el asesinato\nperpetrado en contra de Arturo Garc\u00eda Vel\u00e1zquez y Javier Terrero, presidente y s\u00edndico\nmunicipal de Jalapa de D\u00edaz, #Oaxaca. Sumo mi voz a las exigencias de justicia\ny castigo a los responsables de este lamentable crimen\u201d, cit\u00f3 el funcionario\nfederal.<\/p>\n\n\n\n<p>As\u00ed mismo, la diputada federal y amiga\ndel edil ejecutado, Irma Juan Carlos, mostr\u00f3 no s\u00f3lo su tristeza, sino tambi\u00e9n\nsu preocupaci\u00f3n por el incremento de la violencia y la inseguridad en la\nentidad oaxaque\u00f1a, a la par que record\u00f3 que previamente ya se hab\u00edan denunciado\nel acoso que sufri\u00f3 el edil por autoridades locales que incluso lo detuvieron\npor delitos fabricados.<\/p>\n\n\n\n<p>\u201cEste suceso es lamentable y preocupante, despu\u00e9s que se haya denunciado un acoso por parte de elementos de la Seguridad P\u00fablica del estado de Oaxaca al presidente municipal, Arturo, v\u00edctima de un montaje por parte de la Fiscal\u00eda del Estado de Oaxaca hace unas semanas. \u00a1Exigimos JUSTICIA! Una investigaci\u00f3n transparente y profunda hasta llegar a las \u00faltimas consecuencias\u201d, cita en su cuenta de Twitter.<\/p>\n\n\n\n<figure class=\"wp-block-embed-twitter wp-block-embed is-type-rich is-provider-twitter\"><div class=\"wp-block-embed__wrapper\">\n<div class=\"twitter-tweet\"><blockquote class=\"twitter-tweet\" data-lang=\"es\"><p lang=\"es\" dir=\"ltr\">Se\u00f1or Gobernador <a href=\"https:\/\/twitter.com\/alejandromurat?ref_src=twsrc%5Etfw\">@alejandromurat<\/a>,   que caiga quien tenga que caer. <br>\u00a1La simulaci\u00f3n  nos conducir\u00e1 una vez m\u00e1s a la impunidad !<\/p>&mdash; Horacio Sosa (@HoracioSosaOax) <a href=\"https:\/\/twitter.com\/HoracioSosaOax\/status\/1209246670849855488?ref_src=twsrc%5Etfw\">23 de diciembre de 2019<\/a><\/blockquote><\/div>\n<\/div><\/figure>\n\n\n\n<p>El diputado local y presidente de la\nJunta de Coordinaci\u00f3n Pol\u00edtica, Horacio Sosa Villavicencio, tambi\u00e9n conden\u00f3 los\nhechos y exigi\u00f3 que la Fiscal\u00eda General de la Rep\u00fablica atraiga el caso con la\nintenci\u00f3n de que no se sume a las filas de la impunidad que prevalece en\nOaxaca.<\/p>\n\n\n\n<p>\u201cMe sumo a la exigencia de que las\ninvestigaciones las atraiga la @FGRMexico. Estos hechos, evidencian la\ninseguridad que viven las familias de #Oaxaca. El silencio y la desatenci\u00f3n del\nGobierno del Estado no pueden ser la respuesta. Se\u00f1or Gobernador\n@alejandromurat, que caiga quien tenga que caer. \u00a1La simulaci\u00f3n nos conducir\u00e1\nuna vez m\u00e1s a la impunidad!\u201d, comparti\u00f3 en sus redes sociales.<\/p>\n\n\n\n<p>El Comit\u00e9 Ejecutivo Estatal de Morena tambi\u00e9n lament\u00f3 los hechos y exigi\u00f3 a las autoridades el esclarecimiento del lamentable acto.<\/p>\n\n\n\n<figure class=\"wp-block-embed-twitter wp-block-embed is-type-rich is-provider-twitter\"><div class=\"wp-block-embed__wrapper\">\n<div class=\"twitter-tweet\"><blockquote class=\"twitter-tweet\" data-lang=\"es\"><p lang=\"es\" dir=\"ltr\"><a href=\"https:\/\/twitter.com\/hashtag\/OaxacaGris?src=hash&amp;ref_src=twsrc%5Etfw\">#OaxacaGris<\/a><br>Una multitud despidi\u00f3 al edil de Jalapa de D\u00edaz, Arturo Garc\u00eda Vel\u00e1squez, y al s\u00edndico Hacendario, V\u00edctor Terrero, asesinados el pasado lunes en ese municipio de la regi\u00f3n Cuenca de Oaxaca, durante un convivio navide\u00f1o con personal del DIF. <a href=\"https:\/\/t.co\/V2odAP4XZE\">pic.twitter.com\/V2odAP4XZE<\/a><\/p>&mdash; Zona Roja Oaxaca (@MexRoja) <a href=\"https:\/\/twitter.com\/MexRoja\/status\/1209932231030059013?ref_src=twsrc%5Etfw\">25 de diciembre de 2019<\/a><\/blockquote><\/div>\n<\/div><\/figure>\n","protected":false},"excerpt":{"rendered":"<p>Redacci\u00f3n\/Zona Roja. Oaxaca de Ju\u00e1rez, Oax., 25 de diciembre de 2019.- En plenas fiestas navide\u00f1as,&hellip;<\/p>\n","protected":false},"author":2,"featured_media":6964,"comment_status":"closed","ping_status":"open","sticky":false,"template":"","format":"standard","meta":{"_lmt_disableupdate":"","_lmt_disable":"","_jetpack_memberships_contains_paid_content":false,"footnotes":""},"categories":[109,51],"tags":[930,580],"class_list":["post-6960","post","type-post","status-publish","format-standard","has-post-thumbnail","hentry","category-minuto-a-minuto","category-zona-roja","tag-arturo-garcia-velasquez","tag-san-felipe-jalapa-de-diaz"],"jetpack_featured_media_url":"https:\/\/zonaroja.com.mx\/wp-content\/uploads\/2019\/12\/Sepelio-edil-Jalapa-1.jpg","jetpack_sharing_enabled":true,"_links":{"self":[{"href":"https:\/\/zonaroja.com.mx\/index.php?rest_route=\/wp\/v2\/posts\/6960","targetHints":{"allow":["GET"]}}],"collection":[{"href":"https:\/\/zonaroja.com.mx\/index.php?rest_route=\/wp\/v2\/posts"}],"about":[{"href":"https:\/\/zonaroja.com.mx\/index.php?rest_route=\/wp\/v2\/types\/post"}],"author":[{"embeddable":true,"href":"https:\/\/zonaroja.com.mx\/index.php?rest_route=\/wp\/v2\/users\/2"}],"replies":[{"embeddable":true,"href":"https:\/\/zonaroja.com.mx\/index.php?rest_route=%2Fwp%2Fv2%2Fcomments&post=6960"}],"version-history":[{"count":1,"href":"https:\/\/zonaroja.com.mx\/index.php?rest_route=\/wp\/v2\/posts\/6960\/revisions"}],"predecessor-version":[{"id":6965,"href":"https:\/\/zonaroja.com.mx\/index.php?rest_route=\/wp\/v2\/posts\/6960\/revisions\/6965"}],"wp:featuredmedia":[{"embeddable":true,"href":"https:\/\/zonaroja.com.mx\/index.php?rest_route=\/wp\/v2\/media\/6964"}],"wp:attachment":[{"href":"https:\/\/zonaroja.com.mx\/index.php?rest_route=%2Fwp%2Fv2%2Fmedia&parent=6960"}],"wp:term":[{"taxonomy":"category","embeddable":true,"href":"https:\/\/zonaroja.com.mx\/index.php?rest_route=%2Fwp%2Fv2%2Fcategories&post=6960"},{"taxonomy":"post_tag","embeddable":true,"href":"https:\/\/zonaroja.com.mx\/index.php?rest_route=%2Fwp%2Fv2%2Ftags&post=6960"}],"curies":[{"name":"wp","href":"https:\/\/api.w.org\/{rel}","templated":true}]}}