{"id":69602,"date":"2024-06-20T13:38:00","date_gmt":"2024-06-20T19:38:00","guid":{"rendered":"https:\/\/zonaroja.com.mx\/?p=69602"},"modified":"2024-06-20T08:05:50","modified_gmt":"2024-06-20T14:05:50","slug":"opinion-convirtiendo-lo-publico-en-privado","status":"publish","type":"post","link":"https:\/\/zonaroja.com.mx\/?p=69602","title":{"rendered":"Opini\u00f3n. Convirtiendo lo p\u00fablico en privado"},"content":{"rendered":"\n<p>N\u00e9stor Y. S\u00e1nchez Islas<\/p>\n\n\n\n<p>Es una forma filos\u00f3fica de nombrar a la corrupci\u00f3n, aunque forzada, pero dadas las dimensiones que \u00e9sta tiene dentro del sistema pol\u00edtico mexicano no se es exagerado&nbsp;llamarle as\u00ed.<\/p>\n\n\n\n<p>La historia no es nueva. Todav\u00eda estaba al mando Alejandro Murat cuando advertimos de los excesos que se&nbsp;daban&nbsp;alrededor del \u201ccentro cultural\u201d \u00c1lvaro Carrillo y de otras obras construidas al final de su gobierno financiadas con deuda p\u00fablica que, finalmente, el exgobernador no paga porque no tributa en Oaxaca, pero usted y yo s\u00ed.<\/p>\n\n\n\n<p>La corrupci\u00f3n no es&nbsp;la&nbsp;noticia&nbsp;porque&nbsp;forma parte de las estructuras de la burocracia. Lo que es novedoso&nbsp;es la dimensi\u00f3n que ha tomado al grado que, al igual que el crimen organizado, ya controla&nbsp;pr\u00e1cticamente todas las instituciones del pa\u00eds.<\/p>\n\n\n\n<p>Fue noticia la semana que termina&nbsp;que el gobierno estatal&nbsp;interviniera&nbsp;para recuperar la posesi\u00f3n del inacabado centro cultural. La nota la dio la&nbsp;Fiscal\u00eda al acudir con hombres armados con fusiles de asalto como si fueran a enfrentar al c\u00e1rtel Jalisco&nbsp;en medio de la sierra.<\/p>\n\n\n\n<p>Haciendo un par\u00e9ntesis, hay que estar atentos a la conducta de la fiscal\u00eda porque&nbsp;se est\u00e1 haciendo adicta a los montajes medi\u00e1ticos para encubrir sus incapacidades. Adem\u00e1s de la toma por las armas del centro cultural, sus dos recientes espect\u00e1culos medi\u00e1ticos fueron los de la veterinaria que \u201caseguraron\u201d con enormes mantas para&nbsp;exhibir y cacaraquear algo que est\u00e1 en proceso. O&nbsp;la captura de un escu\u00e1lido&nbsp;mariguanero&nbsp;en la calzada Porfirio D\u00edaz que&nbsp;lograron despu\u00e9s&nbsp;de un arduo trabajo de inteligencia&nbsp;y&nbsp;la participaci\u00f3n de varias decenas de hombres&nbsp;armados hasta los dientes&nbsp;en la colonia Reforma,&nbsp;mientras&nbsp;las periferias abandonadas a su suerte.<\/p>\n\n\n\n<p>Respecto del centro cultural en cuesti\u00f3n, toda han sido irregularidades. La misma demolici\u00f3n del anterior teatro,&nbsp;cuyo proyecto elabor\u00f3 el prestigiado arquitecto Abraham Zabludovsky, no ha sido explicada. Los da\u00f1os irreparables de la estructura no han sido documentados p\u00fablicamente a pesar de que la secretar\u00eda del ramo debe tener las bit\u00e1coras que confirmen esos da\u00f1os estructurales que hicieron m\u00e1s viable demolerlo que reforzarlo.<\/p>\n\n\n\n<p>Pero el \u00c1lvaro Carrillo no es el \u00fanico pendiente que dej\u00f3 Murat. Su in\u00fatil centro gastron\u00f3mico sigue siendo una afrenta a los oaxaque\u00f1os. Construido por capricho, dise\u00f1ado como un&nbsp;presidio,&nbsp;oscuro, fr\u00edo, disfuncional y, para colmo, entregado para su usufructo a un grupo de restauranteros amigos del exgobernador. Se construy\u00f3 con dinero p\u00fablico, pero en los hechos, se privatiz\u00f3 a favor de un grupo de sus amigos&nbsp;que, finalmente lo devolvieron porque ni las moscas se paraban por ah\u00ed.<\/p>\n\n\n\n<p>Y est\u00e1 la casa del DIF, el Centro de Convenciones de Huatulco, la ampliaci\u00f3n de S\u00edmbolos Patrios o la de las riberas del Atoyac.&nbsp;De acuerdo con informaci\u00f3n proporcionado por el mismo gobierno del estado, se pagaron por adelantado m\u00e1s de 300 millones de pesos por el cubo que se edific\u00f3 en lugar del teatro.&nbsp;Para las obras en cuesti\u00f3n el se\u00f1or Murat solicit\u00f3 un cr\u00e9dito que, originalmente, era para&nbsp;desarrollar la zona oriente de la ciudad al momento que los soldados dejaran los terrenos de Ixcotel, cosa que sigue pendiente. Al final, los oaxaque\u00f1os no&nbsp;obtuvimos&nbsp;nada, pero si lo estamos pagando.<\/p>\n\n\n\n<p>De acuerdo con el discurso del presidente de la rep\u00fablica, la corrupci\u00f3n generalizada se la debemos a la globalizaci\u00f3n. Yo creo que es la mezcla de varios factores. La globalizaci\u00f3n&nbsp;redefini\u00f3 la relaci\u00f3n entre el poder p\u00fablico y el capital privado porque una de las caracter\u00edsticas del neoliberalismo es, precisamente, la reducci\u00f3n del tama\u00f1o del Estado. Sin embargo, los per\u00edodos populistas&nbsp;de izquierda&nbsp;de M\u00e9xico de los a\u00f1os 70 y de Am\u00e9rica Latina nos han demostrado que, cuanto m\u00e1s grande es el Estado m\u00e1s grande es la corrupci\u00f3n&nbsp;porque es una parte estructural de nuestro sistema pol\u00edtico.<\/p>\n\n\n\n<p>Creer que los funcionarios p\u00fablicos son m\u00e1s honestos que los empresarios es un error.&nbsp;Creer que las cosas funcionan mejor bajo la administraci\u00f3n p\u00fablica es otro error.&nbsp;Funcionarios y empresarios tienden a asociarse sin importar simpat\u00edas o fobias pol\u00edticas.&nbsp;Esta imbricaci\u00f3n&nbsp;es&nbsp;la que elimina las fronteras entre lo p\u00fablico y lo privado porque el funcionario tender\u00e1 siempre a&nbsp;inclinar la agenda presupuestal, legislativa&nbsp;y jur\u00eddica&nbsp;a su favor.<\/p>\n\n\n\n<p>La corrupci\u00f3n est\u00e1 fuera de control, al igual que el cinismo. El se\u00f1or Murat, al haber migrado a Morena, ha expiado todos sus pecados y&nbsp;como \u00e9l,&nbsp;muchos otros pol\u00edticos impresentables.&nbsp;Su premio&nbsp;ser\u00e1&nbsp;un&nbsp;inmerecido&nbsp;esca\u00f1o en el Senado.<\/p>\n\n\n\n<p>Es obra federal, pero&nbsp;en este momento la remodelaci\u00f3n del Mercado de Abasto sigue el mismo camino. Est\u00e1 inconclusa y no cumple&nbsp;lo prometido a locatarios.&nbsp;El gobierno&nbsp;estatal&nbsp;trae ahora entre manos su \u201cParque Primavera\u201d&nbsp;y cuyo proyecto luce en maquetas peor que los proyectos de Murat. Deseo que no sea el caso, pero es probable que&nbsp;ambas obras&nbsp;sirvan solo el d\u00eda que las inauguren y despu\u00e9s queden en el abandono.<\/p>\n\n\n\n<p>nestoryuri@yahoo.com<\/p>\n","protected":false},"excerpt":{"rendered":"<p>N\u00e9stor Y. S\u00e1nchez Islas Es una forma filos\u00f3fica de nombrar a la corrupci\u00f3n, aunque forzada,&hellip;<\/p>\n","protected":false},"author":2,"featured_media":67897,"comment_status":"closed","ping_status":"open","sticky":false,"template":"","format":"standard","meta":{"_lmt_disableupdate":"","_lmt_disable":"","_jetpack_memberships_contains_paid_content":false,"footnotes":""},"categories":[456,109],"tags":[3050],"class_list":["post-69602","post","type-post","status-publish","format-standard","has-post-thumbnail","hentry","category-columna","category-minuto-a-minuto","tag-nestor-yuri-sanchez"],"jetpack_featured_media_url":"https:\/\/zonaroja.com.mx\/wp-content\/uploads\/2024\/05\/Opinion-Nestor-Yuri-Sanchez.jpeg","jetpack_sharing_enabled":true,"_links":{"self":[{"href":"https:\/\/zonaroja.com.mx\/index.php?rest_route=\/wp\/v2\/posts\/69602","targetHints":{"allow":["GET"]}}],"collection":[{"href":"https:\/\/zonaroja.com.mx\/index.php?rest_route=\/wp\/v2\/posts"}],"about":[{"href":"https:\/\/zonaroja.com.mx\/index.php?rest_route=\/wp\/v2\/types\/post"}],"author":[{"embeddable":true,"href":"https:\/\/zonaroja.com.mx\/index.php?rest_route=\/wp\/v2\/users\/2"}],"replies":[{"embeddable":true,"href":"https:\/\/zonaroja.com.mx\/index.php?rest_route=%2Fwp%2Fv2%2Fcomments&post=69602"}],"version-history":[{"count":1,"href":"https:\/\/zonaroja.com.mx\/index.php?rest_route=\/wp\/v2\/posts\/69602\/revisions"}],"predecessor-version":[{"id":69603,"href":"https:\/\/zonaroja.com.mx\/index.php?rest_route=\/wp\/v2\/posts\/69602\/revisions\/69603"}],"wp:featuredmedia":[{"embeddable":true,"href":"https:\/\/zonaroja.com.mx\/index.php?rest_route=\/wp\/v2\/media\/67897"}],"wp:attachment":[{"href":"https:\/\/zonaroja.com.mx\/index.php?rest_route=%2Fwp%2Fv2%2Fmedia&parent=69602"}],"wp:term":[{"taxonomy":"category","embeddable":true,"href":"https:\/\/zonaroja.com.mx\/index.php?rest_route=%2Fwp%2Fv2%2Fcategories&post=69602"},{"taxonomy":"post_tag","embeddable":true,"href":"https:\/\/zonaroja.com.mx\/index.php?rest_route=%2Fwp%2Fv2%2Ftags&post=69602"}],"curies":[{"name":"wp","href":"https:\/\/api.w.org\/{rel}","templated":true}]}}