{"id":69619,"date":"2024-06-20T15:35:00","date_gmt":"2024-06-20T21:35:00","guid":{"rendered":"https:\/\/zonaroja.com.mx\/?p=69619"},"modified":"2024-06-20T08:36:50","modified_gmt":"2024-06-20T14:36:50","slug":"el-56-de-mexicanos-cree-que-amlo-tendra-influencia-en-claudia-sheinbaum","status":"publish","type":"post","link":"https:\/\/zonaroja.com.mx\/?p=69619","title":{"rendered":"El 56% de mexicanos cree que AMLO tendr\u00e1 influencia en Claudia Sheinbaum"},"content":{"rendered":"\n<p>Redacci\u00f3n\/Zona Roja Cdmx.<\/p>\n\n\n\n<p>Ciudad de M\u00e9xico, a 20 de junio de 2024.- M\u00e1s de la mitad de los mexicanos, un 56 por ciento, opina que el actual presidente, Andr\u00e9s Manuel L\u00f3pez Obrador, tendr\u00e1 influencia en algunas o todas las decisiones del pr\u00f3ximo Gobierno de Claudia Sheinbaum, seg\u00fan revel\u00f3 un estudio de la encuestadora Ipsos.<\/p>\n\n\n\n<p>Los resultados de la encuesta \u2018Sentimiento y Expectativas Post Elecciones 2024\u2018 muestran que un 43 por ciento de la poblaci\u00f3n piensa que L\u00f3pez Obrador tendr\u00e1 influencia en algunas decisiones, adem\u00e1s de que un 13 por ciento cree que Sheinbaum no tendr\u00e1 independencia y que todas las decisiones del Gobierno recaer\u00e1n en su antecesor.<\/p>\n\n\n\n<p>En contraste, un 44 por ciento considera que Sheinbaum gobernar\u00e1 de manera independiente, tomando las medidas que ella considere necesarias sin influencia alguna del actual presidente, de acuerdo al sondeo realizado a 500 personas a trav\u00e9s de la plataforma digital Ipsos Global Advisor.<\/p>\n\n\n\n<p>Fernando \u00c1lvarez Kuri, director de negocios para Ipsos en M\u00e9xico, destac\u00f3 que el 81 por ciento de los encuestados \u201cpiensa que es importante que exista una oposici\u00f3n\u201d frente al partido oficialista, el Movimiento de Regeneraci\u00f3n Nacional (Morena).<\/p>\n\n\n\n<p>\u201cLa mayor\u00eda de los mexicanos se muestra optimista en general frente al nuevo Gobierno que tendr\u00e1 al frente a Claudia Sheinbaum\u201d, mencion\u00f3 \u00c1lvarez Kuri en un comunicado.<\/p>\n\n\n\n<p>No obstante, agreg\u00f3 que para el 44 por ciento resulta \u201cmuy importante\u201d que haya una oposici\u00f3n, el 37 por ciento lo considera \u201cimportante\u201d, el 16 por ciento \u201cpoco importante\u201d y solo el 3 por ciento \u201cno le da importancia\u201d.<\/p>\n\n\n\n<p>Por otro lado, el 68 por ciento de los encuestados considera que el pa\u00eds mantendr\u00e1 el rumbo correcto con el nuevo Gobierno, de acuerdo con la encuesta a ra\u00edz de los recientes resultados electorales en M\u00e9xico y el sexenio que termina, seg\u00fan el sondeo con un 4.38 por ciento de margen de error y un nivel de confianza del 95 por ciento.<\/p>\n\n\n\n<p>Asimismo, un 60 por ciento de los mexicanos est\u00e1 de acuerdo con que Morena y su alianza de partidos tenga la mayor\u00eda en el Congreso, mientras que un 50 por ciento espera que los cambios sean moderados, y un 33 por ciento espera cambios radicales por parte del Gobierno de Sheinbaum, a iniciar el pr\u00f3ximo 1 de octubre.<\/p>\n\n\n\n<p>El informe tambi\u00e9n apunta que el crimen y la violencia siguen siendo la principal preocupaci\u00f3n para los ciudadanos, con un 62 %, quienes consideran que \u201csi no existe una pol\u00edtica efectiva contra la inseguridad, el consumo de bienes y servicios as\u00ed como las inversiones y el turismo podr\u00edan verse impactadas en algunas zonas del pa\u00eds\u201d.<\/p>\n\n\n\n<p>Por \u00faltimo, el sondeo resalta que \u201cpr\u00e1cticamente la mitad de los mexicanos consideran que estaremos mejor o mucho mejor con el gobierno entrante\u201d en \u00e1reas clave como educaci\u00f3n (51 por ciento), salud (47 por ciento), crecimiento econ\u00f3mico (50 por ciento), combate a la corrupci\u00f3n (43 por ciento), pobreza (42 por ciento) e inseguridad (41&nbsp; por ciento).<\/p>\n\n\n\n<p>(Con informaci\u00f3n de EFE)<\/p>\n","protected":false},"excerpt":{"rendered":"<p>Redacci\u00f3n\/Zona Roja Cdmx. Ciudad de M\u00e9xico, a 20 de junio de 2024.- M\u00e1s de la&hellip;<\/p>\n","protected":false},"author":2,"featured_media":69282,"comment_status":"closed","ping_status":"open","sticky":false,"template":"","format":"standard","meta":{"_lmt_disableupdate":"","_lmt_disable":"","_jetpack_memberships_contains_paid_content":false,"footnotes":""},"categories":[109,47],"tags":[143,3370],"class_list":["post-69619","post","type-post","status-publish","format-standard","has-post-thumbnail","hentry","category-minuto-a-minuto","category-zona-gris","tag-andres-manuel-lopez-obrador","tag-claudia-sheinbaum"],"jetpack_featured_media_url":"https:\/\/zonaroja.com.mx\/wp-content\/uploads\/2024\/06\/Claudia-Sheinbaum-y-Lopez-Obrador.jpg","jetpack_sharing_enabled":true,"_links":{"self":[{"href":"https:\/\/zonaroja.com.mx\/index.php?rest_route=\/wp\/v2\/posts\/69619","targetHints":{"allow":["GET"]}}],"collection":[{"href":"https:\/\/zonaroja.com.mx\/index.php?rest_route=\/wp\/v2\/posts"}],"about":[{"href":"https:\/\/zonaroja.com.mx\/index.php?rest_route=\/wp\/v2\/types\/post"}],"author":[{"embeddable":true,"href":"https:\/\/zonaroja.com.mx\/index.php?rest_route=\/wp\/v2\/users\/2"}],"replies":[{"embeddable":true,"href":"https:\/\/zonaroja.com.mx\/index.php?rest_route=%2Fwp%2Fv2%2Fcomments&post=69619"}],"version-history":[{"count":1,"href":"https:\/\/zonaroja.com.mx\/index.php?rest_route=\/wp\/v2\/posts\/69619\/revisions"}],"predecessor-version":[{"id":69620,"href":"https:\/\/zonaroja.com.mx\/index.php?rest_route=\/wp\/v2\/posts\/69619\/revisions\/69620"}],"wp:featuredmedia":[{"embeddable":true,"href":"https:\/\/zonaroja.com.mx\/index.php?rest_route=\/wp\/v2\/media\/69282"}],"wp:attachment":[{"href":"https:\/\/zonaroja.com.mx\/index.php?rest_route=%2Fwp%2Fv2%2Fmedia&parent=69619"}],"wp:term":[{"taxonomy":"category","embeddable":true,"href":"https:\/\/zonaroja.com.mx\/index.php?rest_route=%2Fwp%2Fv2%2Fcategories&post=69619"},{"taxonomy":"post_tag","embeddable":true,"href":"https:\/\/zonaroja.com.mx\/index.php?rest_route=%2Fwp%2Fv2%2Ftags&post=69619"}],"curies":[{"name":"wp","href":"https:\/\/api.w.org\/{rel}","templated":true}]}}