{"id":6962,"date":"2019-12-25T11:49:28","date_gmt":"2019-12-25T17:49:28","guid":{"rendered":"https:\/\/www.zonaroja.com.mx\/?p=6962"},"modified":"2019-12-25T11:49:30","modified_gmt":"2019-12-25T17:49:30","slug":"saldo-mortal-de-nochebuena-y-navidad-en-oaxaca-4-asesinados-y-3-muertos-por-accidentes","status":"publish","type":"post","link":"https:\/\/zonaroja.com.mx\/?p=6962","title":{"rendered":"Saldo mortal de Nochebuena y Navidad en Oaxaca: 4 asesinados y 3 muertos por accidentes"},"content":{"rendered":"\n<p>Ismael Garc\u00eda M.\/Zona Roja.<\/p>\n\n\n\n<p>Oaxaca de Ju\u00e1rez, Oax., 25 de diciembre de 2019.- Cuatro personas fueron asesinadas a balazos durante la Nochebuena y las primeras horas de Navidad en Oaxaca.<\/p>\n\n\n\n<p>Asimismo, se reportan tres fallecimientos y al menos 27 lesionados a causa de diversos accidentes viales. <\/p>\n\n\n\n<p>De acuerdo con reportes de corporaciones de seguridad p\u00fablica, la madrugada de hoy en el callej\u00f3n Albino Sabino esquina Ignacio Zaragoza, sujetos a bordo de una motocicleta ejecutaron a dos individuos.<\/p>\n\n\n\n<p>Las v\u00edctimas fueron identificadas de manera preliminar V\u00edctor y Bartolo, de entre 49 y 45 a\u00f1os aproximadamente.<\/p>\n\n\n\n<p>Anoche, en el centro de Huautla de Jim\u00e9nez se suscit\u00f3 un ataque armado, con dos personas lesionadas, que fueron trasladadas a un hospital. <\/p>\n\n\n\n<p>Una de las v\u00edctimas, identificada como Jos\u00e9 Ad\u00e1n Garc\u00eda, de 23 a\u00f1os de edad, perdi\u00f3 la vida al llegar al nosocomio. <\/p>\n\n\n\n<p>Mientras que ayer por la tarde en Tlalixtac de Cabrera, un campesino fue asesinado en su parcela cuando cortaba alfalfa. Hasta el momento no se ha dado a conocer su identidad. <\/p>\n\n\n\n<p>ACCIDENTES MORTALES<\/p>\n\n\n\n<p>Por otra parte, un saldo de tres personas fallecidas y 27 lesionadas en 28 servicios de emergencia, es el saldo reportado por corporaciones de auxilio y seguridad, durante las \u00faltimas horas. <\/p>\n\n\n\n<p>La Cruz Roja Mexicana inform\u00f3 que la mayor\u00eda de atenciones m\u00e9dicas fueron casos de personas enfermas que sufrieron alg\u00fan tipo de descompensaci\u00f3n, accidentes automovil\u00edsticos y lesionados por ri\u00f1as.<\/p>\n\n\n\n<p>El reporte preliminar destaca que de las tres personas fallecidas, una fue por causas patol\u00f3gicas en la zona de La Raya, Xoxocotl\u00e1n; otro m\u00e1s por causas traum\u00e1ticas en Tlalixtac y uno m\u00e1s en un accidente de Motocicleta en San Mart\u00edn Mexic\u00e1pam. <\/p>\n\n\n\n<p>En las atenciones m\u00e9dicas participaron ambulancias de Cruz Roja, el Cuerpo de Bomberos, Brigada Lobos, Saver y ambulancias de municipios conurbados.<\/p>\n","protected":false},"excerpt":{"rendered":"<p>Ismael Garc\u00eda M.\/Zona Roja. Oaxaca de Ju\u00e1rez, Oax., 25 de diciembre de 2019.- Cuatro personas&hellip;<\/p>\n","protected":false},"author":2,"featured_media":6961,"comment_status":"closed","ping_status":"open","sticky":false,"template":"","format":"standard","meta":{"_lmt_disableupdate":"","_lmt_disable":"","_jetpack_memberships_contains_paid_content":false,"footnotes":""},"categories":[109,51],"tags":[123],"class_list":["post-6962","post","type-post","status-publish","format-standard","has-post-thumbnail","hentry","category-minuto-a-minuto","category-zona-roja","tag-juchitan-de-zaragoza"],"jetpack_featured_media_url":"https:\/\/zonaroja.com.mx\/wp-content\/uploads\/2019\/12\/efdc4522-9c94-48be-9737-66647fe26484.jpg","jetpack_sharing_enabled":true,"_links":{"self":[{"href":"https:\/\/zonaroja.com.mx\/index.php?rest_route=\/wp\/v2\/posts\/6962","targetHints":{"allow":["GET"]}}],"collection":[{"href":"https:\/\/zonaroja.com.mx\/index.php?rest_route=\/wp\/v2\/posts"}],"about":[{"href":"https:\/\/zonaroja.com.mx\/index.php?rest_route=\/wp\/v2\/types\/post"}],"author":[{"embeddable":true,"href":"https:\/\/zonaroja.com.mx\/index.php?rest_route=\/wp\/v2\/users\/2"}],"replies":[{"embeddable":true,"href":"https:\/\/zonaroja.com.mx\/index.php?rest_route=%2Fwp%2Fv2%2Fcomments&post=6962"}],"version-history":[{"count":1,"href":"https:\/\/zonaroja.com.mx\/index.php?rest_route=\/wp\/v2\/posts\/6962\/revisions"}],"predecessor-version":[{"id":6963,"href":"https:\/\/zonaroja.com.mx\/index.php?rest_route=\/wp\/v2\/posts\/6962\/revisions\/6963"}],"wp:featuredmedia":[{"embeddable":true,"href":"https:\/\/zonaroja.com.mx\/index.php?rest_route=\/wp\/v2\/media\/6961"}],"wp:attachment":[{"href":"https:\/\/zonaroja.com.mx\/index.php?rest_route=%2Fwp%2Fv2%2Fmedia&parent=6962"}],"wp:term":[{"taxonomy":"category","embeddable":true,"href":"https:\/\/zonaroja.com.mx\/index.php?rest_route=%2Fwp%2Fv2%2Fcategories&post=6962"},{"taxonomy":"post_tag","embeddable":true,"href":"https:\/\/zonaroja.com.mx\/index.php?rest_route=%2Fwp%2Fv2%2Ftags&post=6962"}],"curies":[{"name":"wp","href":"https:\/\/api.w.org\/{rel}","templated":true}]}}