{"id":69624,"date":"2024-06-20T21:56:21","date_gmt":"2024-06-21T03:56:21","guid":{"rendered":"https:\/\/zonaroja.com.mx\/?p=69624"},"modified":"2024-06-20T21:56:23","modified_gmt":"2024-06-21T03:56:23","slug":"hallan-a-individuo-ejecutado-a-balazos-en-juchitan","status":"publish","type":"post","link":"https:\/\/zonaroja.com.mx\/?p=69624","title":{"rendered":"Hallan a individuo ejecutado a balazos en Juchit\u00e1n"},"content":{"rendered":"\n<p>Raymundo Morales\/Zona Roja.<\/p>\n\n\n\n<p>Oaxaca de Ju\u00e1rez, Oax., a 20 de junio de 2024.- El cuerpo de una persona ejecutada a balazos fue localizada este jueves en el municipio de Juchit\u00e1n de Zaragoza, regi\u00f3n del Istmo.<\/p>\n\n\n\n<p>Fue localizado a un costado de la carretera Panamericana, tramo Juchit\u00e1n-La Ventosa.<\/p>\n\n\n\n<p>Personal param\u00e9dico y corporaciones policiacas arribaron a la zona tras la llamada de alerta, tras lo cual corroboraron que la v\u00edctima ya no contaba con signos vitales.<\/p>\n\n\n\n<p>Hasta esta noche se encuentra en calidad de desconocida y personal de la Vicefiscal\u00eda Regional del Istmo corrobor\u00f3 que cuenta con varios impactos de arma de fuego.<\/p>\n\n\n\n<p>En otro caso, un individuo, al parecer migrante centroamericano, fue atacado a balazos, tambi\u00e9n en Juchit\u00e1n de Zaragoza.<\/p>\n\n\n\n<p>El hombre lleg\u00f3 a un ret\u00e9n migratorio ubicado en el mismo tramo carretero, Juchit\u00e1n-La Ventosa, y s\u00f3lo dijo que fue agredido por sujetos desconocidos, por lo cual fue trasladado a un hospital de esa ciudad istme\u00f1a.<\/p>\n","protected":false},"excerpt":{"rendered":"<p>Raymundo Morales\/Zona Roja. Oaxaca de Ju\u00e1rez, Oax., a 20 de junio de 2024.- El cuerpo&hellip;<\/p>\n","protected":false},"author":2,"featured_media":69625,"comment_status":"closed","ping_status":"open","sticky":false,"template":"","format":"standard","meta":{"_lmt_disableupdate":"","_lmt_disable":"","_jetpack_memberships_contains_paid_content":false,"footnotes":""},"categories":[109,51],"tags":[1140],"class_list":["post-69624","post","type-post","status-publish","format-standard","has-post-thumbnail","hentry","category-minuto-a-minuto","category-zona-roja","tag-juchita-de-zaragoza"],"jetpack_featured_media_url":"https:\/\/zonaroja.com.mx\/wp-content\/uploads\/2024\/06\/Asesinado-Juchitan.jpg","jetpack_sharing_enabled":true,"_links":{"self":[{"href":"https:\/\/zonaroja.com.mx\/index.php?rest_route=\/wp\/v2\/posts\/69624","targetHints":{"allow":["GET"]}}],"collection":[{"href":"https:\/\/zonaroja.com.mx\/index.php?rest_route=\/wp\/v2\/posts"}],"about":[{"href":"https:\/\/zonaroja.com.mx\/index.php?rest_route=\/wp\/v2\/types\/post"}],"author":[{"embeddable":true,"href":"https:\/\/zonaroja.com.mx\/index.php?rest_route=\/wp\/v2\/users\/2"}],"replies":[{"embeddable":true,"href":"https:\/\/zonaroja.com.mx\/index.php?rest_route=%2Fwp%2Fv2%2Fcomments&post=69624"}],"version-history":[{"count":1,"href":"https:\/\/zonaroja.com.mx\/index.php?rest_route=\/wp\/v2\/posts\/69624\/revisions"}],"predecessor-version":[{"id":69626,"href":"https:\/\/zonaroja.com.mx\/index.php?rest_route=\/wp\/v2\/posts\/69624\/revisions\/69626"}],"wp:featuredmedia":[{"embeddable":true,"href":"https:\/\/zonaroja.com.mx\/index.php?rest_route=\/wp\/v2\/media\/69625"}],"wp:attachment":[{"href":"https:\/\/zonaroja.com.mx\/index.php?rest_route=%2Fwp%2Fv2%2Fmedia&parent=69624"}],"wp:term":[{"taxonomy":"category","embeddable":true,"href":"https:\/\/zonaroja.com.mx\/index.php?rest_route=%2Fwp%2Fv2%2Fcategories&post=69624"},{"taxonomy":"post_tag","embeddable":true,"href":"https:\/\/zonaroja.com.mx\/index.php?rest_route=%2Fwp%2Fv2%2Ftags&post=69624"}],"curies":[{"name":"wp","href":"https:\/\/api.w.org\/{rel}","templated":true}]}}