{"id":69627,"date":"2024-06-21T07:02:16","date_gmt":"2024-06-21T13:02:16","guid":{"rendered":"https:\/\/zonaroja.com.mx\/?p=69627"},"modified":"2024-06-21T07:02:18","modified_gmt":"2024-06-21T13:02:18","slug":"tras-inundacion-evacuan-hospital-de-la-ninez-de-oaxaca","status":"publish","type":"post","link":"https:\/\/zonaroja.com.mx\/?p=69627","title":{"rendered":"Tras inundaci\u00f3n, evacuan Hospital de la Ni\u00f1ez de Oaxaca"},"content":{"rendered":"\n<p>Raymundo Morales\/Zona Roja.<\/p>\n\n\n\n<p>Oaxaca de Ju\u00e1rez, Oax., a 21 de junio de 2024.- Debido a la inundaci\u00f3n en diversas \u00e1reas, el Hospital de la Ni\u00f1ez Oaxaque\u00f1a \u201cDr. Guillermo Z\u00e1rate Mijangos\u201d fue evacuado anoche y las citas fueron reprogramadas, inform\u00f3 el gobierno de Oaxaca.<\/p>\n\n\n\n<p>Ayer por la tarde, las fuertes lluvias, remanentes de la Tormenta Tropical \u201cAlberto\u201d, dejaron anegaciones en diversos sitios de la ciudad de Oaxaca y \u00e1rea metropolitana.<\/p>\n\n\n\n<p>Una de las zonas m\u00e1s afectadas fue a la altura de la carretera Oaxaca-Puerto \u00c1ngel, San Bartolo Coyotepec, tanto en ese crucero vial como en la zona de hospitales, entre ellos el nosocomio donde se atienden a menores de edad.<\/p>\n\n\n\n<p>Ante ello, el titular del Poder Ejecutivo, Salom\u00f3n Jara Cruz, instruy\u00f3 la atenci\u00f3n inmediata, a trav\u00e9s de la Coordinaci\u00f3n General de Protecci\u00f3n Civil y el Heroico Cuerpo de Bomberos, para brindar la atenci\u00f3n a pacientes, personal y padres de familia.<\/p>\n\n\n\n<p>Hasta la madrugada de hoy continuaron las labores de limpieza en el nosocomio, inform\u00f3 el titular de Protecci\u00f3n Civil, Manuel Maza S\u00e1nchez.<\/p>\n\n\n\n<p>En un comunicado, la dependencia Servicios de Salud de Oaxaca (SSO) inform\u00f3 que los diferentes servicios m\u00e9dicos que oferta el Hospital de la Ni\u00f1ez Oaxaque\u00f1a ser\u00e1n reprogramados mientras se realizan los trabajos de limpieza y desinfecci\u00f3n de las \u00e1reas afectadas por las intensas lluvias.<\/p>\n\n\n\n<p>\u201cEn este sentido y una vez que las autoridades culminen los protocolos adecuados para garantizar instalaciones aptas para la atenci\u00f3n segura de las y los pacientes, se dar\u00e1 a conocer la apertura de los servicios m\u00e9dicos.<\/p>\n\n\n\n<p>\u201cEn caso de alguna emergencia, podr\u00e1n acudir a sus hospitales regionales para la atenci\u00f3n de las personas menores de edad. La directiva del Hospital de la Ni\u00f1ez Oaxaque\u00f1a reitera su compromiso de garantizar el derecho a la salud de las infancias y adolescencias de la entidad\u201d, inform\u00f3.<\/p>\n\n\n\n<p>Por varias horas, personal de la Coordinaci\u00f3n Estatal de Protecci\u00f3n Civil, el Heroico Cuerpo de Bomberos, la Guardia Nacional y Servicios de Salud de Oaxaca (SSO) llevaron a cabo un operativo para la extracci\u00f3n del agua y evitar m\u00e1s afectaciones a las \u00e1reas de Urgencias, Hospitalizaci\u00f3n de Medicina Interna, Consulta Externa y pasillos.<\/p>\n\n\n\n<p>El mandatario oaxaque\u00f1o gir\u00f3 instrucciones para que los cuerpos de seguridad atiendan y auxilien a ni\u00f1as, ni\u00f1os, as\u00ed como a la familia de las infancias que se encuentren en el nosocomio; Protecci\u00f3n Civil no reporta v\u00edctimas mortales.<\/p>\n\n\n\n<figure class=\"wp-block-embed is-type-rich is-provider-twitter wp-block-embed-twitter\"><div class=\"wp-block-embed__wrapper\">\n<div class=\"twitter-tweet\"><blockquote class=\"twitter-tweet\" data-lang=\"es\"><p lang=\"zxx\" dir=\"ltr\"><a href=\"https:\/\/t.co\/yw9u4OLjO7\">pic.twitter.com\/yw9u4OLjO7<\/a><\/p>&mdash; Zona Roja Oaxaca (@ZonaRoja_Oaxaca) <a href=\"https:\/\/twitter.com\/ZonaRoja_Oaxaca\/status\/1803970843925438796?ref_src=twsrc%5Etfw\">21 de junio de 2024<\/a><\/blockquote><\/div>\n<\/div><\/figure>\n","protected":false},"excerpt":{"rendered":"<p>Raymundo Morales\/Zona Roja. Oaxaca de Ju\u00e1rez, Oax., a 21 de junio de 2024.- Debido a&hellip;<\/p>\n","protected":false},"author":2,"featured_media":69628,"comment_status":"closed","ping_status":"open","sticky":false,"template":"","format":"standard","meta":{"_lmt_disableupdate":"","_lmt_disable":"","_jetpack_memberships_contains_paid_content":false,"footnotes":""},"categories":[109,46],"tags":[318],"class_list":["post-69627","post","type-post","status-publish","format-standard","has-post-thumbnail","hentry","category-minuto-a-minuto","category-zona-blanca","tag-hospital-de-la-ninez-oaxaquena"],"jetpack_featured_media_url":"https:\/\/zonaroja.com.mx\/wp-content\/uploads\/2024\/06\/Inundacion-Hospital-de-la-Ninez.jpg","jetpack_sharing_enabled":true,"_links":{"self":[{"href":"https:\/\/zonaroja.com.mx\/index.php?rest_route=\/wp\/v2\/posts\/69627","targetHints":{"allow":["GET"]}}],"collection":[{"href":"https:\/\/zonaroja.com.mx\/index.php?rest_route=\/wp\/v2\/posts"}],"about":[{"href":"https:\/\/zonaroja.com.mx\/index.php?rest_route=\/wp\/v2\/types\/post"}],"author":[{"embeddable":true,"href":"https:\/\/zonaroja.com.mx\/index.php?rest_route=\/wp\/v2\/users\/2"}],"replies":[{"embeddable":true,"href":"https:\/\/zonaroja.com.mx\/index.php?rest_route=%2Fwp%2Fv2%2Fcomments&post=69627"}],"version-history":[{"count":1,"href":"https:\/\/zonaroja.com.mx\/index.php?rest_route=\/wp\/v2\/posts\/69627\/revisions"}],"predecessor-version":[{"id":69629,"href":"https:\/\/zonaroja.com.mx\/index.php?rest_route=\/wp\/v2\/posts\/69627\/revisions\/69629"}],"wp:featuredmedia":[{"embeddable":true,"href":"https:\/\/zonaroja.com.mx\/index.php?rest_route=\/wp\/v2\/media\/69628"}],"wp:attachment":[{"href":"https:\/\/zonaroja.com.mx\/index.php?rest_route=%2Fwp%2Fv2%2Fmedia&parent=69627"}],"wp:term":[{"taxonomy":"category","embeddable":true,"href":"https:\/\/zonaroja.com.mx\/index.php?rest_route=%2Fwp%2Fv2%2Fcategories&post=69627"},{"taxonomy":"post_tag","embeddable":true,"href":"https:\/\/zonaroja.com.mx\/index.php?rest_route=%2Fwp%2Fv2%2Ftags&post=69627"}],"curies":[{"name":"wp","href":"https:\/\/api.w.org\/{rel}","templated":true}]}}