{"id":69635,"date":"2024-06-21T07:50:24","date_gmt":"2024-06-21T13:50:24","guid":{"rendered":"https:\/\/zonaroja.com.mx\/?p=69635"},"modified":"2024-06-21T07:50:26","modified_gmt":"2024-06-21T13:50:26","slug":"desaparece-un-menor-de-edad-en-rio-de-la-region-mixteca","status":"publish","type":"post","link":"https:\/\/zonaroja.com.mx\/?p=69635","title":{"rendered":"Desaparece un menor de edad en r\u00edo de la regi\u00f3n Mixteca\u00a0"},"content":{"rendered":"\n<p>Ismael Garc\u00eda M.\/Zona Roja.<\/p>\n\n\n\n<p>Oaxaca de Ju\u00e1rez, Oax., a 21 de junio de 2024.- Un menor de edad desapareci\u00f3 en el r\u00edo \u201cGrande\u201d de Atoyaquillo, en la regi\u00f3n Mixteca de Oaxaca, confirm\u00f3 la Coordinaci\u00f3n Estatal de Protecci\u00f3n Civil.<\/p>\n\n\n\n<p>Fue ayer por la tarde cuando el estudiante de nombre \u00c1ngel \u201cN\u201d, de la Escuela Secundaria General, junto con sus compa\u00f1eros acudi\u00f3 al afluente para divertirse; sin embargo por la crecida del r\u00edo, fue arrastrado por la corriente.&nbsp;<\/p>\n\n\n\n<p>Pobladores acudieron a buscar desde ayer al menor de edad, pero hasta el momento no han tenido \u00e9xito en la b\u00fasqueda.<\/p>\n\n\n\n<p>En entrevista con un noticiario radiof\u00f3nico esta ma\u00f1ana, el coordinador de Protecci\u00f3n Civil, Manuel Maza S\u00e1nchez, inform\u00f3 que una brigada del Heroico Cuerpo de Bomberos ya se traslad\u00f3 a la zona para reforzar la b\u00fasqueda.<\/p>\n\n\n\n<p>Tambi\u00e9n el secretario de Gobierno, Jes\u00fas Romero L\u00f3pez, confirm\u00f3 en entrevista con un medio informativo la desaparici\u00f3n del menor.<\/p>\n\n\n\n<p>A\u00f1adi\u00f3 que hasta ahora, a causa de las lluvias el Hospital de la Ni\u00f1ez Oaxaque\u00f1a, ubicado en San Bartolo Coyotepec, es el m\u00e1s afectado por inundaciones, situaci\u00f3n que es atendida desde anoche.<\/p>\n\n\n\n<p>En tanto que en el Hospital Regional de Alta Especialidad, tambi\u00e9n en Coyotepec, hubo anegaciones solamente en el estacionamiento, as\u00ed como algunas fallas en la energ\u00eda el\u00e9ctrica.<\/p>\n\n\n\n<p>Mientras que en Cazadero, localidad de Santiago Niltepec, regi\u00f3n del Istmo, se registraron inundaciones menores.<\/p>\n","protected":false},"excerpt":{"rendered":"<p>Ismael Garc\u00eda M.\/Zona Roja. Oaxaca de Ju\u00e1rez, Oax., a 21 de junio de 2024.- Un&hellip;<\/p>\n","protected":false},"author":2,"featured_media":69636,"comment_status":"closed","ping_status":"open","sticky":false,"template":"","format":"standard","meta":{"_lmt_disableupdate":"","_lmt_disable":"","_jetpack_memberships_contains_paid_content":false,"footnotes":""},"categories":[109,47],"tags":[],"class_list":["post-69635","post","type-post","status-publish","format-standard","has-post-thumbnail","hentry","category-minuto-a-minuto","category-zona-gris"],"jetpack_featured_media_url":"https:\/\/zonaroja.com.mx\/wp-content\/uploads\/2024\/06\/Menor-de-edad-desaparecido-Atoyaquillo.jpeg","jetpack_sharing_enabled":true,"_links":{"self":[{"href":"https:\/\/zonaroja.com.mx\/index.php?rest_route=\/wp\/v2\/posts\/69635","targetHints":{"allow":["GET"]}}],"collection":[{"href":"https:\/\/zonaroja.com.mx\/index.php?rest_route=\/wp\/v2\/posts"}],"about":[{"href":"https:\/\/zonaroja.com.mx\/index.php?rest_route=\/wp\/v2\/types\/post"}],"author":[{"embeddable":true,"href":"https:\/\/zonaroja.com.mx\/index.php?rest_route=\/wp\/v2\/users\/2"}],"replies":[{"embeddable":true,"href":"https:\/\/zonaroja.com.mx\/index.php?rest_route=%2Fwp%2Fv2%2Fcomments&post=69635"}],"version-history":[{"count":1,"href":"https:\/\/zonaroja.com.mx\/index.php?rest_route=\/wp\/v2\/posts\/69635\/revisions"}],"predecessor-version":[{"id":69637,"href":"https:\/\/zonaroja.com.mx\/index.php?rest_route=\/wp\/v2\/posts\/69635\/revisions\/69637"}],"wp:featuredmedia":[{"embeddable":true,"href":"https:\/\/zonaroja.com.mx\/index.php?rest_route=\/wp\/v2\/media\/69636"}],"wp:attachment":[{"href":"https:\/\/zonaroja.com.mx\/index.php?rest_route=%2Fwp%2Fv2%2Fmedia&parent=69635"}],"wp:term":[{"taxonomy":"category","embeddable":true,"href":"https:\/\/zonaroja.com.mx\/index.php?rest_route=%2Fwp%2Fv2%2Fcategories&post=69635"},{"taxonomy":"post_tag","embeddable":true,"href":"https:\/\/zonaroja.com.mx\/index.php?rest_route=%2Fwp%2Fv2%2Ftags&post=69635"}],"curies":[{"name":"wp","href":"https:\/\/api.w.org\/{rel}","templated":true}]}}