{"id":69638,"date":"2024-06-21T08:36:56","date_gmt":"2024-06-21T14:36:56","guid":{"rendered":"https:\/\/zonaroja.com.mx\/?p=69638"},"modified":"2024-06-21T08:36:58","modified_gmt":"2024-06-21T14:36:58","slug":"dengue-en-la-capital-de-oaxaca-problema-serio-y-se-atiende-con-seriedad-neri","status":"publish","type":"post","link":"https:\/\/zonaroja.com.mx\/?p=69638","title":{"rendered":"Dengue en la capital de Oaxaca, problema serio; \u201cy se atiende con seriedad\u201d: Neri"},"content":{"rendered":"\n<p>Raymundo Morales\/Zona Roja.<\/p>\n\n\n\n<p>Oaxcaca de Ju\u00e1rez, Oax., a 21 de junio de 2024.- La problem\u00e1tica del dengue en Oaxaca, y particularmente en la capital, crece y habr\u00eda al menos una decena de muertos, aunque hasta ahora no hay confirmaci\u00f3n oficial por parte de la Secretar\u00eda de Salud federal.<\/p>\n\n\n\n<p>En el caso de la capital de Oaxaca, de acuerdo con los Servicios de Salud (SSO), al corte de la semana epidemiol\u00f3gica n\u00famero 24, registra 67 casos confirmados; el sigue Santa Cruz Xoxocotl\u00e1n con 26 y San Antonio de la Cal con nueve.<\/p>\n\n\n\n<p>Ayer, en entrevista colectiva, el presidente municipal Francisco Mart\u00ednez Neri reconoci\u00f3 que el problema es grave, por lo cual hay estrecha colaboraci\u00f3n con los Servicios de Salud, para efectuar acciones de abatizaci\u00f3n.<\/p>\n\n\n\n<p>\u201cEs grave la situaci\u00f3n del dengue, he visto varias personas que est\u00e1n hospitalizadas, he sabido de otras que han muerto, as\u00ed que el problema es serio; el problema se enfrenta con seriedad\u201d, expuso.<\/p>\n\n\n\n<p>Reiter\u00f3 que hay estrecha coordinaci\u00f3n con el Gobierno del Estado y por parte del ayuntamiento capitalino, de manera permanente se realizan acciones de descacharrizaci\u00f3n, para evitar la proliferaci\u00f3n de la larva del mosquito transmisor.<\/p>\n\n\n\n<p>\u201cTodo se puede prevenir, lo importante es que lo hagamos, hay situaciones de complicaci\u00f3n con el dengue con otras enfermedades, pero estamos atendiendo\u201d, recalc\u00f3 Mart\u00ednez Neri.<\/p>\n\n\n\n<p>\u201cEstamos apoyando en todo lo necesario, destinamos todo lo que sea necesario, rebasando inclusive cualquier expectativa; estamos haciendo todo lo posible para frenar esta problem\u00e1tica\u201d, indic\u00f3.<\/p>\n\n\n\n<p>En otros temas, el presidente municipal abund\u00f3 que ante el surgimiento de baches a causa de las lluvias, de manera permanente hay cuatro cuadrillas de trabajadores, que recorren calles y avenidas principales para arreglar las fallas.<\/p>\n\n\n\n<p>Con respecto a las protestas de sindicatos por la revisi\u00f3n salaria, expuso que en el caso del \u201c3 de Marzo\u201d han quedado atendidas sus demandas y con otros gremios se realizan las mesas de negociaci\u00f3n necesarias para alcanzar un acuerdo.<\/p>\n\n\n\n<p>En cuanto a la crisis de la basura, a falta de un relleno sanitario municipal, se contin\u00faa con el traslado de desechos a otros sitios, lo que representa al gobierno una erogaci\u00f3n mensual de 20 millones de pesos.<\/p>\n","protected":false},"excerpt":{"rendered":"<p>Raymundo Morales\/Zona Roja. Oaxcaca de Ju\u00e1rez, Oax., a 21 de junio de 2024.- La problem\u00e1tica&hellip;<\/p>\n","protected":false},"author":2,"featured_media":69639,"comment_status":"closed","ping_status":"open","sticky":false,"template":"","format":"standard","meta":{"_lmt_disableupdate":"","_lmt_disable":"","_jetpack_memberships_contains_paid_content":false,"footnotes":""},"categories":[109,46],"tags":[2418],"class_list":["post-69638","post","type-post","status-publish","format-standard","has-post-thumbnail","hentry","category-minuto-a-minuto","category-zona-blanca","tag-francisco-martinez-neri"],"jetpack_featured_media_url":"https:\/\/zonaroja.com.mx\/wp-content\/uploads\/2024\/06\/Francisco-Martinez-Neri-1.jpg","jetpack_sharing_enabled":true,"_links":{"self":[{"href":"https:\/\/zonaroja.com.mx\/index.php?rest_route=\/wp\/v2\/posts\/69638","targetHints":{"allow":["GET"]}}],"collection":[{"href":"https:\/\/zonaroja.com.mx\/index.php?rest_route=\/wp\/v2\/posts"}],"about":[{"href":"https:\/\/zonaroja.com.mx\/index.php?rest_route=\/wp\/v2\/types\/post"}],"author":[{"embeddable":true,"href":"https:\/\/zonaroja.com.mx\/index.php?rest_route=\/wp\/v2\/users\/2"}],"replies":[{"embeddable":true,"href":"https:\/\/zonaroja.com.mx\/index.php?rest_route=%2Fwp%2Fv2%2Fcomments&post=69638"}],"version-history":[{"count":1,"href":"https:\/\/zonaroja.com.mx\/index.php?rest_route=\/wp\/v2\/posts\/69638\/revisions"}],"predecessor-version":[{"id":69640,"href":"https:\/\/zonaroja.com.mx\/index.php?rest_route=\/wp\/v2\/posts\/69638\/revisions\/69640"}],"wp:featuredmedia":[{"embeddable":true,"href":"https:\/\/zonaroja.com.mx\/index.php?rest_route=\/wp\/v2\/media\/69639"}],"wp:attachment":[{"href":"https:\/\/zonaroja.com.mx\/index.php?rest_route=%2Fwp%2Fv2%2Fmedia&parent=69638"}],"wp:term":[{"taxonomy":"category","embeddable":true,"href":"https:\/\/zonaroja.com.mx\/index.php?rest_route=%2Fwp%2Fv2%2Fcategories&post=69638"},{"taxonomy":"post_tag","embeddable":true,"href":"https:\/\/zonaroja.com.mx\/index.php?rest_route=%2Fwp%2Fv2%2Ftags&post=69638"}],"curies":[{"name":"wp","href":"https:\/\/api.w.org\/{rel}","templated":true}]}}