{"id":69644,"date":"2024-06-21T11:00:00","date_gmt":"2024-06-21T17:00:00","guid":{"rendered":"https:\/\/zonaroja.com.mx\/?p=69644"},"modified":"2024-06-21T08:41:19","modified_gmt":"2024-06-21T14:41:19","slug":"emite-la-cndh-recomendacion-por-contaminacion-del-rio-papaloapan","status":"publish","type":"post","link":"https:\/\/zonaroja.com.mx\/?p=69644","title":{"rendered":"Emite la CNDH recomendaci\u00f3n por contaminaci\u00f3n del r\u00edo \u201cPapaloapan\u00bb"},"content":{"rendered":"\n<p>Redacci\u00f3n\/Zona Roja.<\/p>\n\n\n\n<p>Oaxaca de Ju\u00e1rez, Oax., 21 de junio de 2024.- El 31 de mayo de 2024, Mar\u00eda del Rosario Piedra Ibarra, presidenta de la Comisi\u00f3n Nacional de los Derechos Humanos, emiti\u00f3 una recomendaci\u00f3n dirigida al director de la Conagua, al director general de la Comisi\u00f3n del Agua del Estado de Veracruz y al presidente municipal del Ayuntamiento de Tlacotalpan, Veracruz, para que ejerzan acciones para el rescate del r\u00edo Papaloapan.<\/p>\n\n\n\n<p>Cinco personas ind\u00edgenas originarias de Tuxtepec, se acercaron a las oficinas de Litigio Estrat\u00e9gico Ind\u00edgena A.C (LEI), por la preocupaci\u00f3n que les causaba que el r\u00edo Papaloapan presentara una alta y constante contaminaci\u00f3n a causa de las descargas de aguas residuales en \u00e9l, esto porque el r\u00edo pasa bordeando, adem\u00e1s de Veracruz, el municipio de San Juan Bautista Tuxtepec. As\u00ed es como LEI represent\u00f3 a este grupo en esta lucha.<\/p>\n\n\n\n<p>Carlos Morales S\u00e1nchez, presidente de LEI, inform\u00f3 que en la recomendaci\u00f3n emitida por la CNDH, se puso en evidencia la responsabilidad institucional por violaciones a los derechos humanos al saneamiento del agua y a un medio ambiente sano, para la poblaci\u00f3n que habita y transita en las inmediaciones del cauce del r\u00edo Papaloapan, por parte de la Conagua y el municipio de Tlacotalpan, Veracruz.<\/p>\n\n\n\n<p>Adem\u00e1s, expuso que el organismo protector de los derechos humanos, indic\u00f3 que las omisiones en la prestaci\u00f3n de los servicios de saneamiento del agua y de gesti\u00f3n de los residuos s\u00f3lidos por parte de la autoridad municipal, han comprometido la calidad del agua del r\u00edo Papaloapan, en agravio del bienestar y la salud de la poblaci\u00f3n.<\/p>\n\n\n\n<p>Morales S\u00e1nchez hizo hincapi\u00e9 en que la ciudadan\u00eda tambi\u00e9n debe contribuir en el rescate del r\u00edo, agotando los mecanismos de protecci\u00f3n a los derechos humanos que est\u00e1n previstos en la ley para proteger el medio ambiente. La queja presentada por los cinco habitantes de Tuxtepec, sin duda, evidencia el compromiso de la poblaci\u00f3n con la preservaci\u00f3n del r\u00edo.<\/p>\n\n\n\n<p>\u201cSon muchas las acciones que se necesitan, por parte de las autoridades responsables como de la ciudadan\u00eda. Hay que cuidar los r\u00edos, evitando su contaminaci\u00f3n e inform\u00e1ndonos acerca de la separaci\u00f3n de la basura, generando conciencia ambiental\u201d, recalc\u00f3.<\/p>\n\n\n\n<p>La CNDH establece que el r\u00edo Papaloapan est\u00e1 contaminado por la falta de acciones por parte de las autoridades de los tres \u00f3rdenes de gobierno, ocasionando indudablemente violaciones a los derechos humanos.<\/p>\n","protected":false},"excerpt":{"rendered":"<p>Redacci\u00f3n\/Zona Roja. Oaxaca de Ju\u00e1rez, Oax., 21 de junio de 2024.- El 31 de mayo&hellip;<\/p>\n","protected":false},"author":2,"featured_media":67092,"comment_status":"closed","ping_status":"open","sticky":false,"template":"","format":"standard","meta":{"_lmt_disableupdate":"","_lmt_disable":"","_jetpack_memberships_contains_paid_content":false,"footnotes":""},"categories":[109,46],"tags":[98],"class_list":["post-69644","post","type-post","status-publish","format-standard","has-post-thumbnail","hentry","category-minuto-a-minuto","category-zona-blanca","tag-cuenca-del-papaloapan"],"jetpack_featured_media_url":"https:\/\/zonaroja.com.mx\/wp-content\/uploads\/2024\/04\/Rio-Cuenca-del-Papaloapan.jpg","jetpack_sharing_enabled":true,"_links":{"self":[{"href":"https:\/\/zonaroja.com.mx\/index.php?rest_route=\/wp\/v2\/posts\/69644","targetHints":{"allow":["GET"]}}],"collection":[{"href":"https:\/\/zonaroja.com.mx\/index.php?rest_route=\/wp\/v2\/posts"}],"about":[{"href":"https:\/\/zonaroja.com.mx\/index.php?rest_route=\/wp\/v2\/types\/post"}],"author":[{"embeddable":true,"href":"https:\/\/zonaroja.com.mx\/index.php?rest_route=\/wp\/v2\/users\/2"}],"replies":[{"embeddable":true,"href":"https:\/\/zonaroja.com.mx\/index.php?rest_route=%2Fwp%2Fv2%2Fcomments&post=69644"}],"version-history":[{"count":1,"href":"https:\/\/zonaroja.com.mx\/index.php?rest_route=\/wp\/v2\/posts\/69644\/revisions"}],"predecessor-version":[{"id":69645,"href":"https:\/\/zonaroja.com.mx\/index.php?rest_route=\/wp\/v2\/posts\/69644\/revisions\/69645"}],"wp:featuredmedia":[{"embeddable":true,"href":"https:\/\/zonaroja.com.mx\/index.php?rest_route=\/wp\/v2\/media\/67092"}],"wp:attachment":[{"href":"https:\/\/zonaroja.com.mx\/index.php?rest_route=%2Fwp%2Fv2%2Fmedia&parent=69644"}],"wp:term":[{"taxonomy":"category","embeddable":true,"href":"https:\/\/zonaroja.com.mx\/index.php?rest_route=%2Fwp%2Fv2%2Fcategories&post=69644"},{"taxonomy":"post_tag","embeddable":true,"href":"https:\/\/zonaroja.com.mx\/index.php?rest_route=%2Fwp%2Fv2%2Ftags&post=69644"}],"curies":[{"name":"wp","href":"https:\/\/api.w.org\/{rel}","templated":true}]}}