{"id":69657,"date":"2024-06-21T21:31:39","date_gmt":"2024-06-22T03:31:39","guid":{"rendered":"https:\/\/zonaroja.com.mx\/?p=69657"},"modified":"2024-06-21T21:31:41","modified_gmt":"2024-06-22T03:31:41","slug":"realizaran-megapratica-de-yoga-en-la-ciudad-de-oaxaca","status":"publish","type":"post","link":"https:\/\/zonaroja.com.mx\/?p=69657","title":{"rendered":"Realizar\u00e1n megapr\u00e1tica de yoga en la ciudad de Oaxaca"},"content":{"rendered":"\n<p>Redacci\u00f3n\/Zona Roja.<\/p>\n\n\n\n<p>Oaxaca de Ju\u00e1rez, Oax., a 21 de junio de 2024.- La Organizaci\u00f3n de las Naciones Unidas (ONU) declar\u00f3 este 21 de junio como el D\u00eda Internacional del Yoga, a propuesta de la India, en reconocimiento a las bondades que trae esta disciplina a la vida humana.<\/p>\n\n\n\n<p>Por tal motivo, la Red Cultural GFU para la Fraternidad Humana y Vitality Team Oaxaca, en colaboraci\u00f3n con el Polideportivo \u201cVenustiano Carranza\u201d, realizar\u00e1n este s\u00e1bado 22 una megapr\u00e1ctica de yoga a partir de las 06:00 horas.<\/p>\n\n\n\n<p>Se recomienda llevar ropa c\u00f3moda y tapete.<\/p>\n\n\n\n<p>Ayer en la tarde, antes de la torrencial lluvia, la GFU hizo gimnasia y yoga con los alumnos de la Escuela Secundaria \u00ab21 de Noviembre\u00bb en Esquipulas, Xoxocotl\u00e1n. Igual pr\u00e1ctica hubo ayer en San Jacinto Amilpas.<\/p>\n\n\n\n<p>Este s\u00e1bado 22, en el auditorio municipal en &nbsp;Miahuatl\u00e1n de Porfirio D\u00edaz, habr\u00e1 pr\u00e1ctica de yoga las 17:00 horas, y el domingo 23, a las 07:00 horas, &nbsp;en un espacio recreativo.<\/p>\n","protected":false},"excerpt":{"rendered":"<p>Redacci\u00f3n\/Zona Roja. Oaxaca de Ju\u00e1rez, Oax., a 21 de junio de 2024.- La Organizaci\u00f3n de&hellip;<\/p>\n","protected":false},"author":2,"featured_media":69658,"comment_status":"closed","ping_status":"open","sticky":false,"template":"","format":"standard","meta":{"_lmt_disableupdate":"","_lmt_disable":"","_jetpack_memberships_contains_paid_content":false,"footnotes":""},"categories":[109,46],"tags":[],"class_list":["post-69657","post","type-post","status-publish","format-standard","has-post-thumbnail","hentry","category-minuto-a-minuto","category-zona-blanca"],"jetpack_featured_media_url":"https:\/\/zonaroja.com.mx\/wp-content\/uploads\/2024\/06\/Dia-Yoga.jpeg","jetpack_sharing_enabled":true,"_links":{"self":[{"href":"https:\/\/zonaroja.com.mx\/index.php?rest_route=\/wp\/v2\/posts\/69657","targetHints":{"allow":["GET"]}}],"collection":[{"href":"https:\/\/zonaroja.com.mx\/index.php?rest_route=\/wp\/v2\/posts"}],"about":[{"href":"https:\/\/zonaroja.com.mx\/index.php?rest_route=\/wp\/v2\/types\/post"}],"author":[{"embeddable":true,"href":"https:\/\/zonaroja.com.mx\/index.php?rest_route=\/wp\/v2\/users\/2"}],"replies":[{"embeddable":true,"href":"https:\/\/zonaroja.com.mx\/index.php?rest_route=%2Fwp%2Fv2%2Fcomments&post=69657"}],"version-history":[{"count":1,"href":"https:\/\/zonaroja.com.mx\/index.php?rest_route=\/wp\/v2\/posts\/69657\/revisions"}],"predecessor-version":[{"id":69659,"href":"https:\/\/zonaroja.com.mx\/index.php?rest_route=\/wp\/v2\/posts\/69657\/revisions\/69659"}],"wp:featuredmedia":[{"embeddable":true,"href":"https:\/\/zonaroja.com.mx\/index.php?rest_route=\/wp\/v2\/media\/69658"}],"wp:attachment":[{"href":"https:\/\/zonaroja.com.mx\/index.php?rest_route=%2Fwp%2Fv2%2Fmedia&parent=69657"}],"wp:term":[{"taxonomy":"category","embeddable":true,"href":"https:\/\/zonaroja.com.mx\/index.php?rest_route=%2Fwp%2Fv2%2Fcategories&post=69657"},{"taxonomy":"post_tag","embeddable":true,"href":"https:\/\/zonaroja.com.mx\/index.php?rest_route=%2Fwp%2Fv2%2Ftags&post=69657"}],"curies":[{"name":"wp","href":"https:\/\/api.w.org\/{rel}","templated":true}]}}