{"id":69669,"date":"2024-06-22T08:30:00","date_gmt":"2024-06-22T14:30:00","guid":{"rendered":"https:\/\/zonaroja.com.mx\/?p=69669"},"modified":"2024-06-22T08:13:45","modified_gmt":"2024-06-22T14:13:45","slug":"confirman-fallecimiento-de-individuo-baleado-en-santa-cruz-xoxocotlan","status":"publish","type":"post","link":"https:\/\/zonaroja.com.mx\/?p=69669","title":{"rendered":"Confirman fallecimiento de individuo baleado en Santa Cruz Xoxocotl\u00e1n"},"content":{"rendered":"\n<p>Raymundo Morales\/Zona Roja.<\/p>\n\n\n\n<p>Oaxaca de Ju\u00e1rez, Oax., a 22 de junio de 2024.- Autoridades ministeriales confirmaron que el individuo atacado a balazos en Santa Cruz Xoxocotl\u00e1n falleci\u00f3 cuando iba a recibir atenci\u00f3n m\u00e9dica en un hospital de la ciudad de Oaxaca.<\/p>\n\n\n\n<p>Alrededor de las 14:45 horas de ayer, \u00c1ngel C. M. fue atacado con disparos de arma de fuego a las afueras de la escuela \u201cC\u00e9lestin Freinet\u201d, ubicado en la privada Tulipanes casi esquina con avenida Hornos de dicho municipio.<\/p>\n\n\n\n<p>Lo anterior provoc\u00f3 p\u00e1nico entre los padres de familia y estudiantes, pues a esa hora sal\u00eda la mayor\u00eda de los escolares, quienes corrieron para refugiarse de las balas.<\/p>\n\n\n\n<p>Tras ello fue trasladado por param\u00e9dicos a un nosocomio de la capital; sin embargo muri\u00f3 cuando iba a recibir atenci\u00f3n m\u00e9dica.<\/p>\n\n\n\n<p>Hasta el momento se desconoce el m\u00f3vil de la agresi\u00f3n armada en contra del hombre de 32 a\u00f1os de edad, quien presuntamente ten\u00eda se\u00f1alamientos de estar involucrado en delitos.<\/p>\n\n\n\n<p>Presuntamente fueron dos sujetos a bordo de una motocicleta quienes le dispararon a la v\u00edctima, tras lo cual huyeron de la zona.<\/p>\n\n\n\n<p>Personal de la Fiscal\u00eda General del Estado de Oaxaca inici\u00f3 la carpeta de investigaci\u00f3n correspondiente, con la finalidad de esclarecer el crimen.<\/p>\n","protected":false},"excerpt":{"rendered":"<p>Raymundo Morales\/Zona Roja. Oaxaca de Ju\u00e1rez, Oax., a 22 de junio de 2024.- Autoridades ministeriales&hellip;<\/p>\n","protected":false},"author":2,"featured_media":69666,"comment_status":"closed","ping_status":"open","sticky":false,"template":"","format":"standard","meta":{"_lmt_disableupdate":"","_lmt_disable":"","_jetpack_memberships_contains_paid_content":false,"footnotes":""},"categories":[109,51],"tags":[1950],"class_list":["post-69669","post","type-post","status-publish","format-standard","has-post-thumbnail","hentry","category-minuto-a-minuto","category-zona-roja","tag-santa-cruz-xoxocotla"],"jetpack_featured_media_url":"https:\/\/zonaroja.com.mx\/wp-content\/uploads\/2024\/06\/Baleado-en-Santa-Cruz-Xoxocotlan.jpg","jetpack_sharing_enabled":true,"_links":{"self":[{"href":"https:\/\/zonaroja.com.mx\/index.php?rest_route=\/wp\/v2\/posts\/69669","targetHints":{"allow":["GET"]}}],"collection":[{"href":"https:\/\/zonaroja.com.mx\/index.php?rest_route=\/wp\/v2\/posts"}],"about":[{"href":"https:\/\/zonaroja.com.mx\/index.php?rest_route=\/wp\/v2\/types\/post"}],"author":[{"embeddable":true,"href":"https:\/\/zonaroja.com.mx\/index.php?rest_route=\/wp\/v2\/users\/2"}],"replies":[{"embeddable":true,"href":"https:\/\/zonaroja.com.mx\/index.php?rest_route=%2Fwp%2Fv2%2Fcomments&post=69669"}],"version-history":[{"count":1,"href":"https:\/\/zonaroja.com.mx\/index.php?rest_route=\/wp\/v2\/posts\/69669\/revisions"}],"predecessor-version":[{"id":69670,"href":"https:\/\/zonaroja.com.mx\/index.php?rest_route=\/wp\/v2\/posts\/69669\/revisions\/69670"}],"wp:featuredmedia":[{"embeddable":true,"href":"https:\/\/zonaroja.com.mx\/index.php?rest_route=\/wp\/v2\/media\/69666"}],"wp:attachment":[{"href":"https:\/\/zonaroja.com.mx\/index.php?rest_route=%2Fwp%2Fv2%2Fmedia&parent=69669"}],"wp:term":[{"taxonomy":"category","embeddable":true,"href":"https:\/\/zonaroja.com.mx\/index.php?rest_route=%2Fwp%2Fv2%2Fcategories&post=69669"},{"taxonomy":"post_tag","embeddable":true,"href":"https:\/\/zonaroja.com.mx\/index.php?rest_route=%2Fwp%2Fv2%2Ftags&post=69669"}],"curies":[{"name":"wp","href":"https:\/\/api.w.org\/{rel}","templated":true}]}}