{"id":69671,"date":"2024-06-22T09:46:00","date_gmt":"2024-06-22T15:46:00","guid":{"rendered":"https:\/\/zonaroja.com.mx\/?p=69671"},"modified":"2024-06-22T07:47:27","modified_gmt":"2024-06-22T13:47:27","slug":"encarcelan-a-tres-sujetos-acusados-de-robo-violento-a-paqueteria-en-oaxaca","status":"publish","type":"post","link":"https:\/\/zonaroja.com.mx\/?p=69671","title":{"rendered":"Encarcelan a tres sujetos acusados de robo violento a paqueter\u00eda en Oaxaca"},"content":{"rendered":"\n<p>Redacci\u00f3n\/Zona Roja.<\/p>\n\n\n\n<p>Oaxaca de Ju\u00e1rez, Oax., a 22 de junio de 2024.- La Fiscal\u00eda General del Estado de Oaxaca (FGEO) obtuvo prisi\u00f3n preventiva oficiosa en contra de tres personas del sexo masculino identificadas como M.R.L. y\/o L.F.B.V., P.H.C., as\u00ed como C.V.G.A., por el delito de Robo Calificado con Violencia F\u00edsica y Moral cometido a trabajadores de un negocio con raz\u00f3n social denominada \u00abMatus\u00bb, hechos suscitados en Oaxaca de Ju\u00e1rez.<\/p>\n\n\n\n<p>De acuerdo con la causa penal del caso, los hechos ocurrieron el 15 de junio del 2024 en un negocio denominado paqueter\u00eda \u201cMatus\u00bb ubicado en calles aleda\u00f1as al centro hist\u00f3rico de Oaxaca de Ju\u00e1rez.<\/p>\n\n\n\n<p>Los polic\u00edas municipales de Oaxaca de Ju\u00e1rez recibieron un reporte de C4, en el que informaban sobre el robo de un negocio y alertaban que hab\u00eda personas armadas en el lugar, por lo que intervinieron y frustraron un asalto, a la par, lograron la detenci\u00f3n de tres personas.<\/p>\n\n\n\n<p>Una vez detenidos, fueron puestos a disposici\u00f3n del Ministerio P\u00fablico y tras valorar los datos de pruebas, el Juez de Control calific\u00f3 como legal la detenci\u00f3n de M.R.L. y\/o L.F.B.V., P.H.C., as\u00ed como de C.V.G.A., imponi\u00e9ndoles prisi\u00f3n preventiva oficiosa, adem\u00e1s de que se solicit\u00f3 la vinculaci\u00f3n a proceso y se le otorg\u00f3 un plazo para la celebraci\u00f3n de la audiencia de duplicidad en la que se determinar\u00e1 su situaci\u00f3n jur\u00eddica.<\/p>\n\n\n\n<p>DESCARTA SECUESTROS<\/p>\n\n\n\n<p>Por otra parte, la Fiscal\u00eda General inici\u00f3 una investigaci\u00f3n exhaustiva la cual permite asegurar que son falsas los mensajes difundidos a trav\u00e9s de diferentes plataformas digitales y redes sociales en los que reportan supuestos secuestros en la regi\u00f3n del Istmo.<\/p>\n\n\n\n<p>Lo anterior, debido a que en los \u00faltimos d\u00edas se detect\u00f3 la difusi\u00f3n de mensajes, principalmente, de WhatsApp, audios y videos de supuestos secuestros de menores de edad en centros educativos, as\u00ed como comunicados emitidos por instituciones educativas alertando a la poblaci\u00f3n, lo cual ya ha sido investigado por parte de la Fiscal\u00eda General del Estado de Oaxaca (FGEO), los cuales resultaron falsos.<\/p>\n\n\n\n<p>De acuerdo con las indagatorias de la FGEO, no existe ning\u00fan registro ni denuncia penal por este delito en la regi\u00f3n del Istmo ni en la entidad, pues se trata de mensajes gen\u00e9ricos que circulan a lo largo del pa\u00eds.<\/p>\n\n\n\n<p>Ante estos hechos, la Fiscal\u00eda General de Oaxaca se mantiene atenta y fortalece los recorridos de seguridad y vigilancia en la zona y convoca a la ciudadan\u00eda a mantenerse informada a trav\u00e9s de los canales institucionales de comunicaci\u00f3n de las instituciones de seguridad p\u00fablica, pues son la \u00fanica fuente oficial ante cualquier eventualidad que ponga en riesgo la paz social en el estado.<\/p>\n","protected":false},"excerpt":{"rendered":"<p>Redacci\u00f3n\/Zona Roja. Oaxaca de Ju\u00e1rez, Oax., a 22 de junio de 2024.- La Fiscal\u00eda General&hellip;<\/p>\n","protected":false},"author":2,"featured_media":69672,"comment_status":"closed","ping_status":"open","sticky":false,"template":"","format":"standard","meta":{"_lmt_disableupdate":"","_lmt_disable":"","_jetpack_memberships_contains_paid_content":false,"footnotes":""},"categories":[109,46],"tags":[494],"class_list":["post-69671","post","type-post","status-publish","format-standard","has-post-thumbnail","hentry","category-minuto-a-minuto","category-zona-blanca","tag-fiscalia-general-del-estado-de-oaxaca"],"jetpack_featured_media_url":"https:\/\/zonaroja.com.mx\/wp-content\/uploads\/2024\/06\/Detenidos-robos-ciudad-de-Oaxaca.jpg","jetpack_sharing_enabled":true,"_links":{"self":[{"href":"https:\/\/zonaroja.com.mx\/index.php?rest_route=\/wp\/v2\/posts\/69671","targetHints":{"allow":["GET"]}}],"collection":[{"href":"https:\/\/zonaroja.com.mx\/index.php?rest_route=\/wp\/v2\/posts"}],"about":[{"href":"https:\/\/zonaroja.com.mx\/index.php?rest_route=\/wp\/v2\/types\/post"}],"author":[{"embeddable":true,"href":"https:\/\/zonaroja.com.mx\/index.php?rest_route=\/wp\/v2\/users\/2"}],"replies":[{"embeddable":true,"href":"https:\/\/zonaroja.com.mx\/index.php?rest_route=%2Fwp%2Fv2%2Fcomments&post=69671"}],"version-history":[{"count":1,"href":"https:\/\/zonaroja.com.mx\/index.php?rest_route=\/wp\/v2\/posts\/69671\/revisions"}],"predecessor-version":[{"id":69673,"href":"https:\/\/zonaroja.com.mx\/index.php?rest_route=\/wp\/v2\/posts\/69671\/revisions\/69673"}],"wp:featuredmedia":[{"embeddable":true,"href":"https:\/\/zonaroja.com.mx\/index.php?rest_route=\/wp\/v2\/media\/69672"}],"wp:attachment":[{"href":"https:\/\/zonaroja.com.mx\/index.php?rest_route=%2Fwp%2Fv2%2Fmedia&parent=69671"}],"wp:term":[{"taxonomy":"category","embeddable":true,"href":"https:\/\/zonaroja.com.mx\/index.php?rest_route=%2Fwp%2Fv2%2Fcategories&post=69671"},{"taxonomy":"post_tag","embeddable":true,"href":"https:\/\/zonaroja.com.mx\/index.php?rest_route=%2Fwp%2Fv2%2Ftags&post=69671"}],"curies":[{"name":"wp","href":"https:\/\/api.w.org\/{rel}","templated":true}]}}