{"id":69676,"date":"2024-06-22T10:49:00","date_gmt":"2024-06-22T16:49:00","guid":{"rendered":"https:\/\/zonaroja.com.mx\/?p=69676"},"modified":"2024-06-22T17:41:45","modified_gmt":"2024-06-22T23:41:45","slug":"convoca-el-dif-oaxaca-a-apoyar-a-personas-afectadas-por-lluvias","status":"publish","type":"post","link":"https:\/\/zonaroja.com.mx\/?p=69676","title":{"rendered":"Convoca el DIF Oaxaca a apoyar a personas afectadas por lluvias"},"content":{"rendered":"\n<p>Redacci\u00f3n\/Zona Roja.<\/p>\n\n\n\n<p>Oaxaca de Ju\u00e1rez, Oax., a 22 de junio de 2024.- El Sistema Estatal para el Desarrollo Integral de la Familia (DIF) Oaxaca habilit\u00f3 un centro de acopio dentro de las oficinas centrales del organismo para recabar v\u00edveres, medicamentos y herramientas en apoyo a las personas afectadas por las intensas lluvias registradas en la entidad a causa de la tormenta tropical \u201cAlberto\u201d.&nbsp;<\/p>\n\n\n\n<p>Las donaciones se recibir\u00e1n los d\u00edas s\u00e1bado y domingo en la oficina de la Direcci\u00f3n de Vinculaci\u00f3n del Sistema DIF Oaxaca, ubicada en calle Vicente Guerrero n\u00famero 114, colonia Miguel Alem\u00e1n Vald\u00e9s, en un horario de 10:00 a 14:00 horas.<\/p>\n\n\n\n<p>Quienes deseen sumarse a la ayuda humanitaria pueden aportar insumos como: agua embotellada, bebidas electrol\u00edticas embotelladas y en sobres, as\u00ed como medicamentos y material de primeros auxilios (no caducados), herramientas de trabajo, colchonetas, cobijas, alimentos no perecederos, enlatados y para beb\u00e9.<\/p>\n\n\n\n<p>Adem\u00e1s de art\u00edculos sanitarios y de aseo personal, ropa y calzado nuevo, pa\u00f1ales para beb\u00e9 y toallitas h\u00famedas, entre otros productos de utilidad para las familias.<\/p>\n\n\n\n<p>El llamado solidario es a la unidad en favor de quienes se han visto afectados en su patrimonio ante los estragos de la naturaleza. Para mayores informes pueden comunicarse al n\u00famero telef\u00f3nico 951 181 74 07.\u00a0<\/p>\n\n\n\n<p>Por otra parte, la instituci\u00f3n altruista que encabeza la se\u00f1ora Irma Bola\u00f1os, apoy\u00f3 con despensas y v\u00edveres a las familias con pacientes en el Hospital de la Ni\u00f1ez Oaxaque\u00f1a, afectado por las lluvias, adem\u00e1s de habilitar un albergue temporal para los afectados.<\/p>\n","protected":false},"excerpt":{"rendered":"<p>Redacci\u00f3n\/Zona Roja. Oaxaca de Ju\u00e1rez, Oax., a 22 de junio de 2024.- El Sistema Estatal&hellip;<\/p>\n","protected":false},"author":2,"featured_media":69677,"comment_status":"closed","ping_status":"open","sticky":false,"template":"","format":"standard","meta":{"_lmt_disableupdate":"","_lmt_disable":"","_jetpack_memberships_contains_paid_content":false,"footnotes":""},"categories":[109,46],"tags":[841],"class_list":["post-69676","post","type-post","status-publish","format-standard","has-post-thumbnail","hentry","category-minuto-a-minuto","category-zona-blanca","tag-dif-oaxaca"],"jetpack_featured_media_url":"https:\/\/zonaroja.com.mx\/wp-content\/uploads\/2024\/06\/Despensas-DIF-Oaxaca.jpeg","jetpack_sharing_enabled":true,"_links":{"self":[{"href":"https:\/\/zonaroja.com.mx\/index.php?rest_route=\/wp\/v2\/posts\/69676","targetHints":{"allow":["GET"]}}],"collection":[{"href":"https:\/\/zonaroja.com.mx\/index.php?rest_route=\/wp\/v2\/posts"}],"about":[{"href":"https:\/\/zonaroja.com.mx\/index.php?rest_route=\/wp\/v2\/types\/post"}],"author":[{"embeddable":true,"href":"https:\/\/zonaroja.com.mx\/index.php?rest_route=\/wp\/v2\/users\/2"}],"replies":[{"embeddable":true,"href":"https:\/\/zonaroja.com.mx\/index.php?rest_route=%2Fwp%2Fv2%2Fcomments&post=69676"}],"version-history":[{"count":1,"href":"https:\/\/zonaroja.com.mx\/index.php?rest_route=\/wp\/v2\/posts\/69676\/revisions"}],"predecessor-version":[{"id":69678,"href":"https:\/\/zonaroja.com.mx\/index.php?rest_route=\/wp\/v2\/posts\/69676\/revisions\/69678"}],"wp:featuredmedia":[{"embeddable":true,"href":"https:\/\/zonaroja.com.mx\/index.php?rest_route=\/wp\/v2\/media\/69677"}],"wp:attachment":[{"href":"https:\/\/zonaroja.com.mx\/index.php?rest_route=%2Fwp%2Fv2%2Fmedia&parent=69676"}],"wp:term":[{"taxonomy":"category","embeddable":true,"href":"https:\/\/zonaroja.com.mx\/index.php?rest_route=%2Fwp%2Fv2%2Fcategories&post=69676"},{"taxonomy":"post_tag","embeddable":true,"href":"https:\/\/zonaroja.com.mx\/index.php?rest_route=%2Fwp%2Fv2%2Ftags&post=69676"}],"curies":[{"name":"wp","href":"https:\/\/api.w.org\/{rel}","templated":true}]}}