{"id":69679,"date":"2024-06-22T13:12:00","date_gmt":"2024-06-22T19:12:00","guid":{"rendered":"https:\/\/zonaroja.com.mx\/?p=69679"},"modified":"2024-06-22T08:13:12","modified_gmt":"2024-06-22T14:13:12","slug":"reforma-congreso-la-ley-estatal-de-salud-para-combatir-el-cancer-de-prostata","status":"publish","type":"post","link":"https:\/\/zonaroja.com.mx\/?p=69679","title":{"rendered":"Reforma Congreso la Ley Estatal de Salud para combatir el c\u00e1ncer de pr\u00f3stata"},"content":{"rendered":"\n<p>Redacci\u00f3n\/Zona Roja.<\/p>\n\n\n\n<p>Oaxaca de Ju\u00e1rez, Oax., a 22 de junio de 2024.- El pleno de la 65 Legislatura local, aprob\u00f3 en sesi\u00f3n extraordinaria reciente, tres decretos para reformar diversos art\u00edculos de la Ley Estatal de Salud, para fomentar el uso de la medicina tradicional, concientizar sobre el c\u00e1ncer de pr\u00f3stata y promover campa\u00f1as de esterilizaci\u00f3n gratuitas en cl\u00ednicas veterinarias p\u00fablicas.<\/p>\n\n\n\n<p>Con la reforma a las fracciones XI y XII del art\u00edculo 63, dentro de los servicios de planificaci\u00f3n familiar estar\u00e1 el dise\u00f1ar, promover e impulsar acciones, programas o campa\u00f1as para la prevenci\u00f3n, detecci\u00f3n oportuna y atenci\u00f3n del c\u00e1ncer de pr\u00f3stata y testicular, ya que, de acuerdo al prontuario de salud de Oaxaca, de 2010 a 2021 hubo un aumento de 75.5 por ciento de defunciones en casos con este tipo de enfermedad.&nbsp;<\/p>\n\n\n\n<p>En 2023, Oaxaca fue el tercer estado del pa\u00eds con m\u00e1s casos de c\u00e1ncer de pr\u00f3stata, al contabilizarse 155; siendo el primero Jalisco con 696 casos y el segundo Veracruz con 157 casos, de acuerdo con informaci\u00f3n de la Secretar\u00eda de Salud federal.<\/p>\n\n\n\n<p>Por lo cual, la 65 Legislatura local aprob\u00f3 con 27 votos a favor la reforma mencionada, la cual surgi\u00f3 de las iniciativas presentadas por la diputada del Grupo Parlamentario de Morena, Juana Aguilar Espinoza; y por las y el congresista del Grupo Parlamentario del Partido Verde Ecologista de M\u00e9xico (PVEM), Eva Diego Cruz, Elvia Gabriela P\u00e9rez L\u00f3pez, y Samuel Gurri\u00f3n Mat\u00edas.<\/p>\n\n\n\n<p>RECONOCIMIENTO A PARTERAS<\/p>\n\n\n\n<p>De igual manera, el Pleno aprob\u00f3 con 27 votos a favor la reforma a los art\u00edculos 2 y 6 de la Ley Estatal de Salud, \u201cpara garantizar eI respeto al derecho humano de los progenitores a decidir la forma en que desean que nazcan sus hijas e hijos, pudiendo utilizar los servicios m\u00e9dicos o de las parteras\u201d.<\/p>\n\n\n\n<p>Con este cambio promovido por las diputadas Lizett Arroyo Rodr\u00edguez y Dennis Garc\u00eda Guti\u00e9rrez, del Grupo Parlamentario de Morena, se establece que el Sistema Estatal de Salud debe dar impulso al desarrollo de la familia y de la comunidad, incluyendo a las comunidades ind\u00edgenas y afromexicanas, considerando su participaci\u00f3n y tomando en cuenta sus valores y organizaci\u00f3n social; as\u00ed como la integraci\u00f3n social y crecimiento f\u00edsico y mental de la ni\u00f1ez y la adolescencia.<\/p>\n\n\n\n<p>Asimismo, deber\u00e1 promover el conocimiento y desarrollo de la medicina tradicional ind\u00edgena acorde a las caracter\u00edsticas espec\u00edficas de cada regi\u00f3n, su aplicaci\u00f3n y pr\u00e1ctica en condiciones adecuadas, as\u00ed como la formaci\u00f3n y capacitaci\u00f3n de los recursos humanos necesarios.<\/p>\n\n\n\n<p>ESTERILIZACI\u00d3N GRATUITA&nbsp;<\/p>\n\n\n\n<p>Por otra parte, la LXV Legislatura local tambi\u00e9n aprob\u00f3 con 29 votos a favor, la reforma propuesta por la diputada Hayde\u00e9 Reyes Soto, del Grupo Parlamentario de Morena, mediante la cual se agreg\u00f3 el art\u00edculo 22 Bis y un tercer p\u00e1rrafo al art\u00edculo 72 de la Ley Estatal de Salud, con la finalidad de que el Gobierno del Estado en coordinaci\u00f3n con los municipios, promuevan la esterilizaci\u00f3n gratuita de animales y el establecimiento de cl\u00ednicas veterinarias p\u00fablicas, con el objeto de proporcionar atenci\u00f3n m\u00e9dica preventiva y, en caso de enfermedad, brindar tratamiento m\u00e9dico oportuno avalado por un m\u00e9dico veterinario.<\/p>\n\n\n\n<p>LEY DE AGUA POTABLE<\/p>\n\n\n\n<p>Tambi\u00e9n en la reciente sesi\u00f3n extraordinaria, el pleno aprob\u00f3 dos decretos por los cuales, se reforman los art\u00edculos 4 y 7 de la Ley de Agua Potable y Alcantarillado para el Estado de Oaxaca, con el prop\u00f3sito de ayudar a combatir la crisis h\u00eddrica en el estado.<\/p>\n\n\n\n<p>En este sentido, se agreg\u00f3 la fracci\u00f3n VIII al art\u00edculo 7, para establecer como labor del Gobierno del Estado, realizar obras y acciones para el mantenimiento y la recarga de los acu\u00edferos naturales, sea mediante la ejecuci\u00f3n directa o a trav\u00e9s del financiamiento a las acciones que con ese objetivo realicen las comunidades y los n\u00facleos agrarios asentados en los territorios que alimenten las fuentes de captaci\u00f3n de agua.<\/p>\n\n\n\n<p>Esta reforma fue propuesta por el diputado del Grupo Parlamentario de Morena, Horacio Sosa Villavicencio, quien expuso que \u201cen Oaxaca, la carencia de agua es un problema especialmente grave\u201d, ya que, de acuerdo con las estimaciones de pobreza multidimensional del Consejo Nacional de Evaluaci\u00f3n de la Pol\u00edtica de Desarrollo Social (Coneval), la poblaci\u00f3n del estado que habita en viviendas sin acceso al agua fue de 17.4 por ciento del total en el a\u00f1o 2022, con 739 mil 700 personas. Para el mismo a\u00f1o, la cifra nacional fue de 7.1%.<\/p>\n\n\n\n<p>De acuerdo con datos del Monitor de Sequ\u00eda en M\u00e9xico, en 2023 en Oaxaca 150 municipios se encontraron en condiciones anormalmente secas, 137 en sequ\u00eda moderada y 61 en sequ\u00eda severa, lo que representa el 61% del total de ayuntamientos que conforman la entidad.<\/p>\n\n\n\n<p>Por otra parte, con la reforma a la fracci\u00f3n XV del art\u00edculo 4, impulsada por el legislador Sesul Bola\u00f1os L\u00f3pez, se fortalecer\u00e1n las atribuciones del Sistema Estatal de Agua Potable y Alcantarillado, considerando a este vital l\u00edquido como un bien cultural, adem\u00e1s de p\u00fablico y social, por ello, se deber\u00e1 realizar la promoci\u00f3n y desarrollo de la cultura del agua, acorde a la realidad de cada una de las regiones y municipios de Oaxaca.<\/p>\n\n\n\n<p>Asimismo, se deben considerar los derechos de acceso, disposici\u00f3n y saneamiento de agua para consumo personal y dom\u00e9stico en forma suficiente, salubre, aceptable, asequible y preferente sobre cualquier otro uso, as\u00ed como la generaci\u00f3n de consciencia en las personas respecto del problema de la escasez del agua.<\/p>\n","protected":false},"excerpt":{"rendered":"<p>Redacci\u00f3n\/Zona Roja. Oaxaca de Ju\u00e1rez, Oax., a 22 de junio de 2024.- El pleno de&hellip;<\/p>\n","protected":false},"author":2,"featured_media":66599,"comment_status":"closed","ping_status":"open","sticky":false,"template":"","format":"standard","meta":{"_lmt_disableupdate":"","_lmt_disable":"","_jetpack_memberships_contains_paid_content":false,"footnotes":""},"categories":[109,46],"tags":[2743],"class_list":["post-69679","post","type-post","status-publish","format-standard","has-post-thumbnail","hentry","category-minuto-a-minuto","category-zona-blanca","tag-65-legislatura-del-estado-de-oaxaca"],"jetpack_featured_media_url":"https:\/\/zonaroja.com.mx\/wp-content\/uploads\/2024\/03\/Aprueba-Congreso-cuatro-iniciativas-de-reforma-en-materia-de-medio-ambiente-en-Oaxaca-.jpeg","jetpack_sharing_enabled":true,"_links":{"self":[{"href":"https:\/\/zonaroja.com.mx\/index.php?rest_route=\/wp\/v2\/posts\/69679","targetHints":{"allow":["GET"]}}],"collection":[{"href":"https:\/\/zonaroja.com.mx\/index.php?rest_route=\/wp\/v2\/posts"}],"about":[{"href":"https:\/\/zonaroja.com.mx\/index.php?rest_route=\/wp\/v2\/types\/post"}],"author":[{"embeddable":true,"href":"https:\/\/zonaroja.com.mx\/index.php?rest_route=\/wp\/v2\/users\/2"}],"replies":[{"embeddable":true,"href":"https:\/\/zonaroja.com.mx\/index.php?rest_route=%2Fwp%2Fv2%2Fcomments&post=69679"}],"version-history":[{"count":1,"href":"https:\/\/zonaroja.com.mx\/index.php?rest_route=\/wp\/v2\/posts\/69679\/revisions"}],"predecessor-version":[{"id":69680,"href":"https:\/\/zonaroja.com.mx\/index.php?rest_route=\/wp\/v2\/posts\/69679\/revisions\/69680"}],"wp:featuredmedia":[{"embeddable":true,"href":"https:\/\/zonaroja.com.mx\/index.php?rest_route=\/wp\/v2\/media\/66599"}],"wp:attachment":[{"href":"https:\/\/zonaroja.com.mx\/index.php?rest_route=%2Fwp%2Fv2%2Fmedia&parent=69679"}],"wp:term":[{"taxonomy":"category","embeddable":true,"href":"https:\/\/zonaroja.com.mx\/index.php?rest_route=%2Fwp%2Fv2%2Fcategories&post=69679"},{"taxonomy":"post_tag","embeddable":true,"href":"https:\/\/zonaroja.com.mx\/index.php?rest_route=%2Fwp%2Fv2%2Ftags&post=69679"}],"curies":[{"name":"wp","href":"https:\/\/api.w.org\/{rel}","templated":true}]}}