{"id":69692,"date":"2024-06-23T06:58:00","date_gmt":"2024-06-23T12:58:00","guid":{"rendered":"https:\/\/zonaroja.com.mx\/?p=69692"},"modified":"2024-06-23T06:58:02","modified_gmt":"2024-06-23T12:58:02","slug":"tienen-amlo-y-claudia-sheinbaum-intenso-sabado-en-oaxaca","status":"publish","type":"post","link":"https:\/\/zonaroja.com.mx\/?p=69692","title":{"rendered":"Tienen AMLO y Claudia Sheinbaum intenso s\u00e1bado en Oaxaca\u00a0"},"content":{"rendered":"\n<p>Redacci\u00f3n\/Zona Roja.<\/p>\n\n\n\n<p>Oaxaca de Ju\u00e1rez, Oax., a 23 de junio de 2024.- Una intensa jornada de trabajo tuvieron ayer el Presidente Andr\u00e9s Manuel L\u00f3pez Obrador y la mandataria electa Claudia Sheinbaum en el estado de Oaxaca.<\/p>\n\n\n\n<p>Al lado del gobernador Salom\u00f3n Jara Cruz, en el segundo d\u00eda de gira por el estado, encabezaron actividades en las regiones Istmo de Tehuantepec, Costa y Sierra Sur, para supervisar obras, entregar apoyos, escrituras de viviendas y un camino artesanal.<\/p>\n\n\n\n<p>En Salina Cruz, donde pernoctaron la v\u00edspera, el actual y la pr\u00f3xima titular del Poder Ejecutivo federal supervisaron el astillero de Marina, el faro y el rompeolas en el puerto, que forman parte del proyecto del Corredor Interoce\u00e1nico del Istmo de Tehuantepec.<\/p>\n\n\n\n<p>\u201cGracias a los megaproyectos impulsados por el Presidente, hoy Salina Cruz se consolida como un puerto de talla mundial, con el rompeolas m\u00e1s grande de Latinoam\u00e9rica. Estamos seguros que con la doctora Sheinbaum, Oaxaca seguir\u00e1 avanzando en la ruta de la transformaci\u00f3n, para consolidarse como el motor de desarrollo del sur-sureste de M\u00e9xico\u201d, poste\u00f3 Jara Cruz.<\/p>\n\n\n\n<figure class=\"wp-block-embed is-type-rich is-provider-twitter wp-block-embed-twitter\"><div class=\"wp-block-embed__wrapper\">\n<div class=\"twitter-tweet\"><blockquote class=\"twitter-tweet\" data-lang=\"es\"><p lang=\"es\" dir=\"ltr\">En segundo d\u00eda de gira por Oaxaca, el Presidente <a href=\"https:\/\/twitter.com\/lopezobrador_?ref_src=twsrc%5Etfw\">@lopezobrador_<\/a> presidi\u00f3 en Santa Mar\u00eda Huatulco la reuni\u00f3n para evaluar los avances del Plan de Apoyo a Personas Afectadas por el hurac\u00e1n \u201cAgatha\u201d, la entrega de escrituras para la regularizaci\u00f3n de asentamientos humanos y las\u2026 <a href=\"https:\/\/t.co\/PrcDTrSHkE\">pic.twitter.com\/PrcDTrSHkE<\/a><\/p>&mdash; Zona Roja Oaxaca (@ZonaRoja_Oaxaca) <a href=\"https:\/\/twitter.com\/ZonaRoja_Oaxaca\/status\/1804636238592516129?ref_src=twsrc%5Etfw\">22 de junio de 2024<\/a><\/blockquote><\/div>\n<\/div><\/figure>\n\n\n\n<p>EN HUATULCO<\/p>\n\n\n\n<p>En la unidad deportiva de Santa Cruz Huatulco supervisaron la presentaci\u00f3n de las Acciones para el Bienestar, en cuyo marco se entregaron 910 escrituras para regularizaci\u00f3n de asentamientos humanos, que se suman a las 370 que se entregaron en d\u00edas pasados en esta demarcaci\u00f3n y que forman parte de los dos mil 357 documentos que se otorgar\u00e1n para brindar certeza jur\u00eddica a las familias.<\/p>\n\n\n\n<p>Asimismo, se dio a conocer los avances del plan de apoyo para personas afectadas por el hurac\u00e1n \u201cAgatha\u201d que prioriza la atenci\u00f3n integral a habitantes de los 31 municipios m\u00e1s afectados por este fen\u00f3meno en 2022, destinando dos mil 380 millones de pesos para la reconstrucci\u00f3n de infraestructura.&nbsp;<\/p>\n\n\n\n<p>Tambi\u00e9n se inform\u00f3 sobre las acciones de conservaci\u00f3n para las \u00e1reas naturales protegidas, siendo que en Oaxaca cuenta con cinco mil 626 hect\u00e1reas distribuidas en tres \u00e1reas que contribuyen a la protecci\u00f3n del patrimonio de las futuras generaciones y cimienta las bases de un turismo ecol\u00f3gico, sustentable, responsable e incluyente.<\/p>\n\n\n\n<p>Ante la virtual Presidenta electa Claudia Sheinbaum y el mandatario L\u00f3pez Obrador, el mandatario estatal destac\u00f3 que nunca un gobierno hab\u00eda hecho tanto por Oaxaca y su gente. \u201cCada uno de los grandes proyectos estrat\u00e9gicos, cada uno de los programas que le han cambiado la vida a miles de personas y familias\u201d, afirm\u00f3.<\/p>\n\n\n\n<p>A\u00f1adi\u00f3 que este programa complementa los recursos asignados a vivienda social, los recursos del programa nacional de reconstrucci\u00f3n y del programa de mejoramiento urbano, en sus vertientes de espacios p\u00fablicos y obras comunitarias, con los que el Gobierno de la Rep\u00fablica ha destinado miles de millones de pesos para ayudar a Oaxaca a dejar atr\u00e1s una historia de olvido y abandono.<\/p>\n\n\n\n<p>En su oportunidad, el Presidente Andr\u00e9s Manuel L\u00f3pez Obrador expres\u00f3 que \u00abAhora hay cambios verdaderos y entre todos los estamos llevando a cabo; seguiremos dando continuidad a los programas que abonan a la democracia con justicia y equidad, porque el progreso sin justicia es retroceso\u201d.<\/p>\n\n\n\n<p>Asimismo, la virtual Presidenta electa Claudia Sheinbaum Pardo se\u00f1al\u00f3 que su gobierno continuar\u00e1 con la transformaci\u00f3n de M\u00e9xico para consolidar todos los programas de Bienestar y los grandes proyectos estrat\u00e9gicos que impulsen el desarrollo de M\u00e9xico, incluyendo el Proyecto Interoce\u00e1nico encaminado a saldar la deuda hist\u00f3rica con el sureste mexicano.<\/p>\n\n\n\n<figure class=\"wp-block-embed is-type-rich is-provider-twitter wp-block-embed-twitter\"><div class=\"wp-block-embed__wrapper\">\n<div class=\"twitter-tweet\"><blockquote class=\"twitter-tweet\" data-lang=\"es\"><p lang=\"es\" dir=\"ltr\">En Santa Catarina Coatl\u00e1n se llev\u00f3 a cabo este s\u00e1bado la tercera y \u00faltima actividad del Presidente <a href=\"https:\/\/twitter.com\/lopezobrador_?ref_src=twsrc%5Etfw\">@lopezobrador_<\/a> en Oaxaca, con la inauguraci\u00f3n de un camino artesanal a Santa Ana Miahuatl\u00e1n. <br>Presentes, la mandataria electa <a href=\"https:\/\/twitter.com\/Claudiashein?ref_src=twsrc%5Etfw\">@Claudiashein<\/a>, y el gobernador <a href=\"https:\/\/twitter.com\/salomonj?ref_src=twsrc%5Etfw\">@salomonj<\/a>. <a href=\"https:\/\/t.co\/GzYbP7MCfU\">pic.twitter.com\/GzYbP7MCfU<\/a><\/p>&mdash; Zona Roja Oaxaca (@ZonaRoja_Oaxaca) <a href=\"https:\/\/twitter.com\/ZonaRoja_Oaxaca\/status\/1804698250718458195?ref_src=twsrc%5Etfw\">23 de junio de 2024<\/a><\/blockquote><\/div>\n<\/div><\/figure>\n\n\n\n<p>EN COATL\u00c1N<\/p>\n\n\n\n<p>Por la tarde del s\u00e1bado, las autoridades arribaron a la regi\u00f3n Sierra Sur, para inaugurar el camino artesanal de 12 kil\u00f3metros que conecta a Santa Catarina Coatl\u00e1n con Santa Ana Miahuatl\u00e1n, el cual representa el trabajo creativo de oaxaque\u00f1as y oaxaque\u00f1os por construir las v\u00edas de comunicaci\u00f3n para el desarrollo de sus comunidades.<\/p>\n\n\n\n<p>Jara Cruz sostuvo que Oaxaca es un estado diferente al de hace seis a\u00f1os. \u201cYa no es un estado olvidado, dejado al margen del presupuesto, dejado al margen de las obras que transforman y cambian la vida de las comunidades. Hoy, gracias a usted, Se\u00f1or Presidente, nuestras comunidades y municipios tienen m\u00e1s acceso a los bienes y servicios b\u00e1sicos para la disminuci\u00f3n de los rezagos sociales\u201d.<\/p>\n\n\n\n<p>En su oportunidad, el Presidente Andr\u00e9s Manuel L\u00f3pez Obrador expres\u00f3 que Oaxaca es uno de los pueblos con m\u00e1s cultura en el mundo; adem\u00e1s de reconocer el tequio como el servicio colectivo a favor de las comunidades, el respeto a las personas adultas mayores, la preservaci\u00f3n de las lenguas originarias, las tradiciones ancestrales y el cuidado a los recursos naturales.<\/p>\n\n\n\n<p>\u201cMe da mucho gusto estar con la pr\u00f3xima Presidenta de M\u00e9xico y con el Gobernador Salom\u00f3n Jara con quien iniciamos la lucha hace muchos a\u00f1os\u201d, precis\u00f3.&nbsp;<\/p>\n\n\n\n<p>En su participaci\u00f3n, la virtual Presidenta electa, Claudia Sheinbaum dijo sentirse agradecida y contenta de acompa\u00f1ar al Presidente en esta inauguraci\u00f3n, recordando los valores propios de esta administraci\u00f3n federal, con los que ella guiar\u00e1 su gobierno. Adem\u00e1s, recalc\u00f3 que \u00abretomar\u00e9 el programa de Caminos Artesanales no solamente por lo que significa para la comunidad sino por lo que significa darle el recurso al pueblo para que lo administre\u00bb.<\/p>\n\n\n\n<p>Se inform\u00f3 que esta obra forma parte de los 195 caminos artesanales que se han concluido de un total de 222 v\u00edas, lo que representa el 90 por ciento de la meta trazada en el actual sexenio federal para Oaxaca. Se encuentran en proceso 27 que se terminar\u00e1n en los pr\u00f3ximos meses y se han convertido en un modelo que se repite a nivel nacional, ya que la entidad es la primera en operar estas acciones.\u00a0<\/p>\n\n\n\n<figure class=\"wp-block-embed is-type-rich is-provider-twitter wp-block-embed-twitter\"><div class=\"wp-block-embed__wrapper\">\n<div class=\"twitter-tweet\"><blockquote class=\"twitter-tweet\" data-lang=\"es\"><p lang=\"es\" dir=\"ltr\">La foto del d\u00eda, desde Santa Mar\u00eda Huatulco, Oaxaca. <a href=\"https:\/\/t.co\/1T4lYLY1tR\">pic.twitter.com\/1T4lYLY1tR<\/a><\/p>&mdash; Zona Roja Oaxaca (@ZonaRoja_Oaxaca) <a href=\"https:\/\/twitter.com\/ZonaRoja_Oaxaca\/status\/1804681217540845710?ref_src=twsrc%5Etfw\">23 de junio de 2024<\/a><\/blockquote><\/div>\n<\/div><\/figure>\n","protected":false},"excerpt":{"rendered":"<p>Redacci\u00f3n\/Zona Roja. Oaxaca de Ju\u00e1rez, Oax., a 23 de junio de 2024.- Una intensa jornada&hellip;<\/p>\n","protected":false},"author":2,"featured_media":69693,"comment_status":"closed","ping_status":"open","sticky":false,"template":"","format":"standard","meta":{"_lmt_disableupdate":"","_lmt_disable":"","_jetpack_memberships_contains_paid_content":false,"footnotes":""},"categories":[109,46],"tags":[1538],"class_list":["post-69692","post","type-post","status-publish","format-standard","has-post-thumbnail","hentry","category-minuto-a-minuto","category-zona-blanca","tag-gira-de-lopez-obrador-en-oaxaca"],"jetpack_featured_media_url":"https:\/\/zonaroja.com.mx\/wp-content\/uploads\/2024\/06\/Lopez-Obrador-Sheinbaum-Salomon-Jara-en-Salina-Cruz.jpeg","jetpack_sharing_enabled":true,"_links":{"self":[{"href":"https:\/\/zonaroja.com.mx\/index.php?rest_route=\/wp\/v2\/posts\/69692","targetHints":{"allow":["GET"]}}],"collection":[{"href":"https:\/\/zonaroja.com.mx\/index.php?rest_route=\/wp\/v2\/posts"}],"about":[{"href":"https:\/\/zonaroja.com.mx\/index.php?rest_route=\/wp\/v2\/types\/post"}],"author":[{"embeddable":true,"href":"https:\/\/zonaroja.com.mx\/index.php?rest_route=\/wp\/v2\/users\/2"}],"replies":[{"embeddable":true,"href":"https:\/\/zonaroja.com.mx\/index.php?rest_route=%2Fwp%2Fv2%2Fcomments&post=69692"}],"version-history":[{"count":1,"href":"https:\/\/zonaroja.com.mx\/index.php?rest_route=\/wp\/v2\/posts\/69692\/revisions"}],"predecessor-version":[{"id":69694,"href":"https:\/\/zonaroja.com.mx\/index.php?rest_route=\/wp\/v2\/posts\/69692\/revisions\/69694"}],"wp:featuredmedia":[{"embeddable":true,"href":"https:\/\/zonaroja.com.mx\/index.php?rest_route=\/wp\/v2\/media\/69693"}],"wp:attachment":[{"href":"https:\/\/zonaroja.com.mx\/index.php?rest_route=%2Fwp%2Fv2%2Fmedia&parent=69692"}],"wp:term":[{"taxonomy":"category","embeddable":true,"href":"https:\/\/zonaroja.com.mx\/index.php?rest_route=%2Fwp%2Fv2%2Fcategories&post=69692"},{"taxonomy":"post_tag","embeddable":true,"href":"https:\/\/zonaroja.com.mx\/index.php?rest_route=%2Fwp%2Fv2%2Ftags&post=69692"}],"curies":[{"name":"wp","href":"https:\/\/api.w.org\/{rel}","templated":true}]}}