{"id":69695,"date":"2024-06-23T08:30:00","date_gmt":"2024-06-23T14:30:00","guid":{"rendered":"https:\/\/zonaroja.com.mx\/?p=69695"},"modified":"2024-06-23T07:06:14","modified_gmt":"2024-06-23T13:06:14","slug":"aumenta-a-seis-las-victimas-fatales-en-nuevo-leon-a-causa-de-tormenta","status":"publish","type":"post","link":"https:\/\/zonaroja.com.mx\/?p=69695","title":{"rendered":"Aumenta a seis las v\u00edctimas fatales en Nuevo Le\u00f3n a causa de tormenta"},"content":{"rendered":"\n<p>Redacci\u00f3n\/Zona Roja Cdmx.<\/p>\n\n\n\n<p>Ciudad de M\u00e9xico, a 23 de junio de 2024.- Protecci\u00f3n Civil de Nuevo Le\u00f3n localiz\u00f3 ayer el cuerpo de un hombre en el arroyo \u201cTopo Chico\u201d, ya en territorio del municipio de Apodaca.&nbsp;<\/p>\n\n\n\n<p>Aparentemente se tratar\u00eda de la sexta v\u00edctima mortal que dej\u00f3 la tormenta tropical \u201cAlberto\u201d a su paso por el estado el mi\u00e9rcoles y jueves de esta semana.<\/p>\n\n\n\n<p>Cabe recordar que desde el primer d\u00eda de la llegada del fen\u00f3meno meteorol\u00f3gico murieron tres menores, uno de ellos ahogado en el r\u00edo La Silla y los otros dos electrocutados en Allende.<\/p>\n\n\n\n<p>En tanto que la cuarta v\u00edctima tambi\u00e9n muri\u00f3 electrocutada, pero este caso fue el jueves y se trat\u00f3 de un adulto avecindado en el municipio de El Carmen.<\/p>\n\n\n\n<p>Tambi\u00e9n este d\u00eda se localizaron los restos de una mujer de 35 a\u00f1os, identificada como Concepci\u00f3n Garza Leal, quien fue arrastrada por la corriente de un r\u00edo en el municipio de Cadereyta.<\/p>\n\n\n\n<p>David de la Pe\u00f1a Marroqu\u00edn, alcalde de Santiago, Nuevo Le\u00f3n pedir\u00e1 declarar zona de desastre natural el territorio debido a la situaci\u00f3n cr\u00edtica que vive la sierra luego de la tormenta tropical Alberto.<\/p>\n\n\n\n<p>Lo anterior, debido a los da\u00f1os por las fuertes corrientes de agua derivadas del meteoro que se llev\u00f3 caminos y carreteras por lo que esperan que cese la lluvia, para revisar las afectaciones y solicitar apoyos.<\/p>\n\n\n\n<p>(Informaci\u00f3n de \u201cLa Jornada\u201d)<\/p>\n","protected":false},"excerpt":{"rendered":"<p>Redacci\u00f3n\/Zona Roja Cdmx. Ciudad de M\u00e9xico, a 23 de junio de 2024.- Protecci\u00f3n Civil de&hellip;<\/p>\n","protected":false},"author":2,"featured_media":69696,"comment_status":"closed","ping_status":"open","sticky":false,"template":"","format":"standard","meta":{"_lmt_disableupdate":"","_lmt_disable":"","_jetpack_memberships_contains_paid_content":false,"footnotes":""},"categories":[109,47],"tags":[],"class_list":["post-69695","post","type-post","status-publish","format-standard","has-post-thumbnail","hentry","category-minuto-a-minuto","category-zona-gris"],"jetpack_featured_media_url":"https:\/\/zonaroja.com.mx\/wp-content\/uploads\/2024\/06\/Lluvias-Nuevo-Leon-Monterrey.jpeg","jetpack_sharing_enabled":true,"_links":{"self":[{"href":"https:\/\/zonaroja.com.mx\/index.php?rest_route=\/wp\/v2\/posts\/69695","targetHints":{"allow":["GET"]}}],"collection":[{"href":"https:\/\/zonaroja.com.mx\/index.php?rest_route=\/wp\/v2\/posts"}],"about":[{"href":"https:\/\/zonaroja.com.mx\/index.php?rest_route=\/wp\/v2\/types\/post"}],"author":[{"embeddable":true,"href":"https:\/\/zonaroja.com.mx\/index.php?rest_route=\/wp\/v2\/users\/2"}],"replies":[{"embeddable":true,"href":"https:\/\/zonaroja.com.mx\/index.php?rest_route=%2Fwp%2Fv2%2Fcomments&post=69695"}],"version-history":[{"count":1,"href":"https:\/\/zonaroja.com.mx\/index.php?rest_route=\/wp\/v2\/posts\/69695\/revisions"}],"predecessor-version":[{"id":69697,"href":"https:\/\/zonaroja.com.mx\/index.php?rest_route=\/wp\/v2\/posts\/69695\/revisions\/69697"}],"wp:featuredmedia":[{"embeddable":true,"href":"https:\/\/zonaroja.com.mx\/index.php?rest_route=\/wp\/v2\/media\/69696"}],"wp:attachment":[{"href":"https:\/\/zonaroja.com.mx\/index.php?rest_route=%2Fwp%2Fv2%2Fmedia&parent=69695"}],"wp:term":[{"taxonomy":"category","embeddable":true,"href":"https:\/\/zonaroja.com.mx\/index.php?rest_route=%2Fwp%2Fv2%2Fcategories&post=69695"},{"taxonomy":"post_tag","embeddable":true,"href":"https:\/\/zonaroja.com.mx\/index.php?rest_route=%2Fwp%2Fv2%2Ftags&post=69695"}],"curies":[{"name":"wp","href":"https:\/\/api.w.org\/{rel}","templated":true}]}}