{"id":69698,"date":"2024-06-23T10:00:00","date_gmt":"2024-06-23T16:00:00","guid":{"rendered":"https:\/\/zonaroja.com.mx\/?p=69698"},"modified":"2024-06-23T07:12:17","modified_gmt":"2024-06-23T13:12:17","slug":"indigena-mixteca-de-juxtlahuaca-diosa-centeotl-2024","status":"publish","type":"post","link":"https:\/\/zonaroja.com.mx\/?p=69698","title":{"rendered":"Ind\u00edgena mixteca de Juxtlahuaca, Diosa Cent\u00e9otl 2024"},"content":{"rendered":"\n<p>Redacci\u00f3n\/Zona Roja.<\/p>\n\n\n\n<p>Oaxaca de Ju\u00e1rez, Oax. 23 de junio de 2024.- El gobierno de Oaxaca, a trav\u00e9s de la Secretar\u00eda de las Culturas y Artes, nombr\u00f3 este s\u00e1bado a Juana Hern\u00e1ndez L\u00f3pez, originaria de Santiago Juxtlahuaca, de la regi\u00f3n Mixteca, como la representante de la Diosa Cent\u00e9otl 2024, y quien ser\u00e1 la portavoz de la cultura de Oaxaca durante las fiestas de julio, mes de la Guelaguetza.<\/p>\n\n\n\n<p>La representante de la Diosa del Ma\u00edz fue seleccionada entre 46 mujeres, luego de participar en las dos etapas de este certamen que se realiz\u00f3 este viernes y s\u00e1bado en la Plaza de la Danza.<\/p>\n\n\n\n<p>Juana Hern\u00e1ndez ha sido docente de espa\u00f1ol e historia, capacitadora del Instituto Nacional para la Educaci\u00f3n de los Adultos (INEA) y ante el rezago de su comunidad, tuvo que migrar a Estados Unidos, experiencia que fortaleci\u00f3 su trabajo a favor de la comunidad migrante mixteca.<\/p>\n\n\n\n<p>Adem\u00e1s, estuvo a cargo de la radio Biling\u00fce en Fresno, pues asegura que cuando los migrantes se van \u00abse llevan su lengua\u00bb.<\/p>\n\n\n\n<p>A su regreso a Juxtlahuaca, continu\u00f3 con su trabajo en radios de Estados Unidos y desde 2019 tiene su primer programa en suelo mixteco, en \u201cXETLA, la voz de la Mixteca\u201d, en el que comparte su lengua, tradiciones y acciones por la comunidad migrante de la regi\u00f3n.<\/p>\n\n\n\n<p>Este viernes las participantes, en sus intervenciones abordaron temas como: Contexto social y territorial de su municipio; Identidad cultural y tradiciones; Acciones o valores culturales que realizan en beneficio de su comunidad.<\/p>\n\n\n\n<p>Mientras que este s\u00e1bado, bajo sorteo, las participantes desarrollaron temas relacionados con: La organizaci\u00f3n social y valores comunitarios; Lenguas ind\u00edgenas originarias de su municipio y su contexto social, y Patrimonio cultural material e inmaterial de su municipio.<\/p>\n\n\n\n<p>Al respecto, el titular de la Secretar\u00eda de las Culturas y Artes, V\u00edctor Cata se\u00f1al\u00f3 que la decisi\u00f3n del jurado integrado por Rosa Bertha Sim\u00f3n S\u00e1nchez, maestra en estudios de la mujer; Viridiana Gonz\u00e1les Ortega, promotora y gestora cultural; Alejandra Robles, cantautora oaxaque\u00f1a; &nbsp;Petra Dolores Valencia Vel\u00e1squez, cocinera tradicional y &nbsp;Leticia Gallardo, directora de la Banda Femenil Mujeres del \u201cViento Florido\u201d, est\u00e1 representada por la ganadora, orgullosa de su cultura y su lengua.<\/p>\n","protected":false},"excerpt":{"rendered":"<p>Redacci\u00f3n\/Zona Roja. Oaxaca de Ju\u00e1rez, Oax. 23 de junio de 2024.- El gobierno de Oaxaca,&hellip;<\/p>\n","protected":false},"author":2,"featured_media":69699,"comment_status":"closed","ping_status":"open","sticky":false,"template":"","format":"standard","meta":{"_lmt_disableupdate":"","_lmt_disable":"","_jetpack_memberships_contains_paid_content":false,"footnotes":""},"categories":[109,46],"tags":[3979],"class_list":["post-69698","post","type-post","status-publish","format-standard","has-post-thumbnail","hentry","category-minuto-a-minuto","category-zona-blanca","tag-diosa-centeotl-oaxaca"],"jetpack_featured_media_url":"https:\/\/zonaroja.com.mx\/wp-content\/uploads\/2024\/06\/GQu1sTmWQAELI8T.jpeg","jetpack_sharing_enabled":true,"_links":{"self":[{"href":"https:\/\/zonaroja.com.mx\/index.php?rest_route=\/wp\/v2\/posts\/69698","targetHints":{"allow":["GET"]}}],"collection":[{"href":"https:\/\/zonaroja.com.mx\/index.php?rest_route=\/wp\/v2\/posts"}],"about":[{"href":"https:\/\/zonaroja.com.mx\/index.php?rest_route=\/wp\/v2\/types\/post"}],"author":[{"embeddable":true,"href":"https:\/\/zonaroja.com.mx\/index.php?rest_route=\/wp\/v2\/users\/2"}],"replies":[{"embeddable":true,"href":"https:\/\/zonaroja.com.mx\/index.php?rest_route=%2Fwp%2Fv2%2Fcomments&post=69698"}],"version-history":[{"count":1,"href":"https:\/\/zonaroja.com.mx\/index.php?rest_route=\/wp\/v2\/posts\/69698\/revisions"}],"predecessor-version":[{"id":69700,"href":"https:\/\/zonaroja.com.mx\/index.php?rest_route=\/wp\/v2\/posts\/69698\/revisions\/69700"}],"wp:featuredmedia":[{"embeddable":true,"href":"https:\/\/zonaroja.com.mx\/index.php?rest_route=\/wp\/v2\/media\/69699"}],"wp:attachment":[{"href":"https:\/\/zonaroja.com.mx\/index.php?rest_route=%2Fwp%2Fv2%2Fmedia&parent=69698"}],"wp:term":[{"taxonomy":"category","embeddable":true,"href":"https:\/\/zonaroja.com.mx\/index.php?rest_route=%2Fwp%2Fv2%2Fcategories&post=69698"},{"taxonomy":"post_tag","embeddable":true,"href":"https:\/\/zonaroja.com.mx\/index.php?rest_route=%2Fwp%2Fv2%2Ftags&post=69698"}],"curies":[{"name":"wp","href":"https:\/\/api.w.org\/{rel}","templated":true}]}}