{"id":6970,"date":"2019-12-25T15:37:51","date_gmt":"2019-12-25T21:37:51","guid":{"rendered":"http:\/\/www.zonaroja.com.mx\/?p=6970"},"modified":"2019-12-25T15:37:55","modified_gmt":"2019-12-25T21:37:55","slug":"oaxaquenos-a-conquistar-colombia-jan-y-arturo-talentos-de-exportacion","status":"publish","type":"post","link":"https:\/\/zonaroja.com.mx\/?p=6970","title":{"rendered":"\u00a1Oaxaque\u00f1os a conquistar Colombia! Jan y Arturo, talentos de exportaci\u00f3n"},"content":{"rendered":"\n<p>Evlin Arag\u00f3n\/Zona Roja.<\/p>\n\n\n\n<p>Oaxaca de Ju\u00e1rez, Oax., 25 de diciembre\nde 2019.- Jan Venegas y Arturo P\u00e9rez, j\u00f3venes cantantes con reconocido talento\nen Oaxaca y una trayectoria de m\u00e1s diez a\u00f1os, se presentar\u00e1n a partir de ma\u00f1ana\nen Cali, Colombia, para dar muestra de la m\u00fasica regional mexicana a trav\u00e9s de\nsus interpretaciones.<\/p>\n\n\n\n<p>As\u00ed lo dieron a conocer, en donde con\nmucha emoci\u00f3n compartieron que fueron invitados para presentarse en el pa\u00eds\nlatinoamericano del 26 al 30 de diciembre de este a\u00f1o, en donde buscan\ndemostrar que en Oaxaca hay talento de sobra.<\/p>\n\n\n\n<p>\u201cBuscamos transmitir a la poblaci\u00f3n\ncolombiana el talento, la letras, la m\u00fasica y la interpretaci\u00f3n mexicana, concretamente\nde dos j\u00f3venes de Oaxaca que hemos trabajado muy duro por hacernos de un nombre\ny reconocimiento\u201d, dijo Jan Venegas quien a base de esfuerzo cuenta ya con\nproducciones musicales de car\u00e1cter profesional.<\/p>\n\n\n\n<p>En ese sentido la cantante, oaxaque\u00f1a indic\u00f3 que uno de sus principales objetivos es tocar el alma de las personas que escuchen su m\u00fasica y su interpretaci\u00f3n, hacerles sentir el calor oaxaque\u00f1o y poner en alto el nombre de nuestro estado a nivel internacional.<\/p>\n\n\n\n<figure class=\"wp-block-embed-twitter wp-block-embed is-type-rich is-provider-twitter\"><div class=\"wp-block-embed__wrapper\">\n<div class=\"twitter-tweet\"><blockquote class=\"twitter-tweet\" data-lang=\"es\"><p lang=\"es\" dir=\"ltr\"><a href=\"https:\/\/twitter.com\/hashtag\/OaxacaRosa?src=hash&amp;ref_src=twsrc%5Etfw\">#OaxacaRosa<\/a><a href=\"https:\/\/twitter.com\/hashtag\/HechoEnOaxaca?src=hash&amp;ref_src=twsrc%5Etfw\">#HechoEnOaxaca<\/a><br>\u00a1Talento de exportaci\u00f3n! Dos j\u00f3venes cantantes oaxaque\u00f1os, Jan Venegas y Arturo P\u00e9rez, ofrecer\u00e1n conciertos a partir de ma\u00f1ana en Cali, Colombia. Aqu\u00ed detalles: <a href=\"https:\/\/t.co\/V0nXAow0h8\">pic.twitter.com\/V0nXAow0h8<\/a><\/p>&mdash; Zona Roja Oaxaca (@MexRoja) <a href=\"https:\/\/twitter.com\/MexRoja\/status\/1209950583441874944?ref_src=twsrc%5Etfw\">25 de diciembre de 2019<\/a><\/blockquote><\/div>\n<\/div><\/figure>\n\n\n\n<p>Unos a\u00f1os m\u00e1s joven, pero con un nivel\nvocal que le ha permitido compartir escenario con Morat, Camila, Alexander\nHacha y llevar su m\u00fasica a Sudam\u00e9rica, Arturo P\u00e9rez no omite mencionar el\norgullo que le da ser oaxaque\u00f1o y poderse expresarse a trav\u00e9s de la m\u00fasica\nranchera.<\/p>\n\n\n\n<p>Ambos artistas coincidieron en que\nexisten grandes talentos en Oaxaca, la mayor\u00eda hace grandes esfuerzo para\nmantenerse vigentes, debido a la falta de espacios en los que puedan\npresentarse y darse a conocer, lo cual ha impedido contar con una proyecci\u00f3n\ninternacional.<\/p>\n\n\n\n<p>Explicaron que de forma\nindependientemente, las y los artistas buscan constantemente generar los\nespacios que les permitan difundir su talento \u201chace falta m\u00e1s impulso de parte\nde las autoridades estatales para respaldar a la juventud que se involucran en\nlas artes y la cultura\u201d, dijo Jan Venegas.<\/p>\n\n\n\n<p>Mientras que Arturo P\u00e9rez afirm\u00f3 que\nsin duda Oaxaca es cuna de talento en la m\u00fasica, pintura, arte textil y dem\u00e1s\ndisciplinas art\u00edsticas,&nbsp; sin embargo las\noportunidades y las puertas se cierran, raz\u00f3n por la que se han visto obligados\na buscar las oportunidades de manera privada e independiente para darse a\nconocer y seguir vigente.<\/p>\n\n\n\n<p>Por ello invitaron a la poblaci\u00f3n en\ngeneral a seguirlos en redes sociales, conocer su trabajo y difundir sus\nmateriales para contribuir en el reconocimiento del talento oaxaque\u00f1o.<\/p>\n","protected":false},"excerpt":{"rendered":"<p>Evlin Arag\u00f3n\/Zona Roja. Oaxaca de Ju\u00e1rez, Oax., 25 de diciembre de 2019.- Jan Venegas y&hellip;<\/p>\n","protected":false},"author":2,"featured_media":6971,"comment_status":"closed","ping_status":"open","sticky":false,"template":"","format":"standard","meta":{"_lmt_disableupdate":"","_lmt_disable":"","_jetpack_memberships_contains_paid_content":false,"footnotes":""},"categories":[109,46],"tags":[1176,1175],"class_list":["post-6970","post","type-post","status-publish","format-standard","has-post-thumbnail","hentry","category-minuto-a-minuto","category-zona-blanca","tag-arturo-perez","tag-jan-venegas"],"jetpack_featured_media_url":"https:\/\/zonaroja.com.mx\/wp-content\/uploads\/2019\/12\/IMG_9821.jpg","jetpack_sharing_enabled":true,"_links":{"self":[{"href":"https:\/\/zonaroja.com.mx\/index.php?rest_route=\/wp\/v2\/posts\/6970","targetHints":{"allow":["GET"]}}],"collection":[{"href":"https:\/\/zonaroja.com.mx\/index.php?rest_route=\/wp\/v2\/posts"}],"about":[{"href":"https:\/\/zonaroja.com.mx\/index.php?rest_route=\/wp\/v2\/types\/post"}],"author":[{"embeddable":true,"href":"https:\/\/zonaroja.com.mx\/index.php?rest_route=\/wp\/v2\/users\/2"}],"replies":[{"embeddable":true,"href":"https:\/\/zonaroja.com.mx\/index.php?rest_route=%2Fwp%2Fv2%2Fcomments&post=6970"}],"version-history":[{"count":1,"href":"https:\/\/zonaroja.com.mx\/index.php?rest_route=\/wp\/v2\/posts\/6970\/revisions"}],"predecessor-version":[{"id":6972,"href":"https:\/\/zonaroja.com.mx\/index.php?rest_route=\/wp\/v2\/posts\/6970\/revisions\/6972"}],"wp:featuredmedia":[{"embeddable":true,"href":"https:\/\/zonaroja.com.mx\/index.php?rest_route=\/wp\/v2\/media\/6971"}],"wp:attachment":[{"href":"https:\/\/zonaroja.com.mx\/index.php?rest_route=%2Fwp%2Fv2%2Fmedia&parent=6970"}],"wp:term":[{"taxonomy":"category","embeddable":true,"href":"https:\/\/zonaroja.com.mx\/index.php?rest_route=%2Fwp%2Fv2%2Fcategories&post=6970"},{"taxonomy":"post_tag","embeddable":true,"href":"https:\/\/zonaroja.com.mx\/index.php?rest_route=%2Fwp%2Fv2%2Ftags&post=6970"}],"curies":[{"name":"wp","href":"https:\/\/api.w.org\/{rel}","templated":true}]}}