{"id":69704,"date":"2024-06-23T12:00:00","date_gmt":"2024-06-23T18:00:00","guid":{"rendered":"https:\/\/zonaroja.com.mx\/?p=69704"},"modified":"2024-06-23T07:30:26","modified_gmt":"2024-06-23T13:30:26","slug":"relatora-especial-de-la-onu-recrimina-impunidad-en-caso-maria-del-sol","status":"publish","type":"post","link":"https:\/\/zonaroja.com.mx\/?p=69704","title":{"rendered":"Relatora especial de la ONU recrimina impunidad en caso Mar\u00eda del Sol"},"content":{"rendered":"\n<p>Redacci\u00f3n\/Zona Roja.<\/p>\n\n\n\n<p>Oaxaca de Ju\u00e1rez, Oax., a 23 de junio de 2024.- La Relatora Especial de la ONU sobre la situaci\u00f3n de personas defensoras de derechos humanos, Mary Lawlor, afirm\u00f3 que a seis a\u00f1os del asesinato de la fotoperiodista oaxaque\u00f1a, Mar\u00eda del Sol Cruz Jarqu\u00edn, no se ha tenido acceso a la justicia.<\/p>\n\n\n\n<p>\u201cEste a\u00f1o se cumplen seis a\u00f1os desde el asesinato de la fotoperiodista Mar\u00eda del Sol Cruz Jarqu\u00edn, en Oaxaca M\u00e9xico. Su madre, Soledad Jarqu\u00edn ha estado buscando justicia desde el d\u00eda del asesinato, sin embargo, todav\u00eda no ha tenido acceso a la justicia\u201d, subray\u00f3 la defensora internacional.&nbsp;<\/p>\n\n\n\n<p>A trav\u00e9s de un mensaje difundido en su cuenta oficial de X, -antes Twitter-, afirm\u00f3 que si bien se abri\u00f3 una investigaci\u00f3n tras el asesinato de Mar\u00eda del Sol, esta se cerr\u00f3 posteriormente.<\/p>\n\n\n\n<p>La Relatora Especial asever\u00f3 que la impunidad es la regla m\u00e1s que la excepci\u00f3n en casos de&nbsp; violencia contra mujeres y contra mujeres defensoras de derechos humanos en M\u00e9xico.<\/p>\n\n\n\n<p>\u201c\u00a1Esto tiene que cambiar! La impunidad en casos de feminicidios incrementa la vulnerabilidad de las mujeres en particular de las que pertenecen a grupos que han sido hist\u00f3ricamente marginados y discriminados. La impunidad en los cr\u00edmenes contra defensoras de derechos humanos son una se\u00f1al de luz verde para m\u00e1s ataques\u201d, subray\u00f3.<\/p>\n\n\n\n<p>Destac\u00f3 que las madres de v\u00edctimas de violencia buscan justicia y rendici\u00f3n de cuentas en M\u00e9xico as\u00ed como alrededor del mundo.<\/p>\n\n\n\n<p>\u201cEllas son defensoras de derechos humanos y deben ser apoyadas. Les extiendo mi m\u00e1s profunda solidaridad y pido #JusticiaParaSol\u201d, expres\u00f3 Lawlor.<\/p>\n\n\n\n<p>Este mensaje video se publica en el marco de que el pasado&nbsp; 2 de junio se cumplieron seis a\u00f1os del crimen de Estado contra Mar\u00eda del Sol Cruz Jarqu\u00edn en el que confluyen: feminicidio, robo de su equipo y delito electoral.<\/p>\n\n\n\n<p>Los hechos sucedieron en Juchit\u00e1n de Zaragoza, en la regi\u00f3n del Istmo de Tehuantepec, lugar al que estuvo obligada a ir para cubrir la campa\u00f1a electoral de Hageo Montero L\u00f3pez, hermano de Francisco Montero L\u00f3pez, jefe de Mar\u00eda del Sol, quien fuera jefa de Comunicaci\u00f3n Ind\u00edgena Intercultural de la entonces Secretar\u00eda de Asuntos Ind\u00edgenas del Gobierno del Estado de Oaxaca.<\/p>\n","protected":false},"excerpt":{"rendered":"<p>Redacci\u00f3n\/Zona Roja. Oaxaca de Ju\u00e1rez, Oax., a 23 de junio de 2024.- La Relatora Especial&hellip;<\/p>\n","protected":false},"author":2,"featured_media":69705,"comment_status":"closed","ping_status":"open","sticky":false,"template":"","format":"standard","meta":{"_lmt_disableupdate":"","_lmt_disable":"","_jetpack_memberships_contains_paid_content":false,"footnotes":""},"categories":[109,47],"tags":[],"class_list":["post-69704","post","type-post","status-publish","format-standard","has-post-thumbnail","hentry","category-minuto-a-minuto","category-zona-gris"],"jetpack_featured_media_url":"https:\/\/zonaroja.com.mx\/wp-content\/uploads\/2024\/06\/Mary-Lawlor.jpg","jetpack_sharing_enabled":true,"_links":{"self":[{"href":"https:\/\/zonaroja.com.mx\/index.php?rest_route=\/wp\/v2\/posts\/69704","targetHints":{"allow":["GET"]}}],"collection":[{"href":"https:\/\/zonaroja.com.mx\/index.php?rest_route=\/wp\/v2\/posts"}],"about":[{"href":"https:\/\/zonaroja.com.mx\/index.php?rest_route=\/wp\/v2\/types\/post"}],"author":[{"embeddable":true,"href":"https:\/\/zonaroja.com.mx\/index.php?rest_route=\/wp\/v2\/users\/2"}],"replies":[{"embeddable":true,"href":"https:\/\/zonaroja.com.mx\/index.php?rest_route=%2Fwp%2Fv2%2Fcomments&post=69704"}],"version-history":[{"count":1,"href":"https:\/\/zonaroja.com.mx\/index.php?rest_route=\/wp\/v2\/posts\/69704\/revisions"}],"predecessor-version":[{"id":69706,"href":"https:\/\/zonaroja.com.mx\/index.php?rest_route=\/wp\/v2\/posts\/69704\/revisions\/69706"}],"wp:featuredmedia":[{"embeddable":true,"href":"https:\/\/zonaroja.com.mx\/index.php?rest_route=\/wp\/v2\/media\/69705"}],"wp:attachment":[{"href":"https:\/\/zonaroja.com.mx\/index.php?rest_route=%2Fwp%2Fv2%2Fmedia&parent=69704"}],"wp:term":[{"taxonomy":"category","embeddable":true,"href":"https:\/\/zonaroja.com.mx\/index.php?rest_route=%2Fwp%2Fv2%2Fcategories&post=69704"},{"taxonomy":"post_tag","embeddable":true,"href":"https:\/\/zonaroja.com.mx\/index.php?rest_route=%2Fwp%2Fv2%2Ftags&post=69704"}],"curies":[{"name":"wp","href":"https:\/\/api.w.org\/{rel}","templated":true}]}}